{"id":14403,"date":"2026-04-18T21:08:39","date_gmt":"2026-04-18T21:08:39","guid":{"rendered":"https:\/\/www.newsrecorder.ro\/app\/2026\/04\/18\/zidul-cetatii-lui-stefan-cel-mare-s-a-prabusit-ce-urmeaza\/"},"modified":"2026-04-18T21:08:39","modified_gmt":"2026-04-18T21:08:39","slug":"zidul-cetatii-lui-stefan-cel-mare-s-a-prabusit-ce-urmeaza","status":"publish","type":"post","link":"https:\/\/www.newsrecorder.ro\/app\/2026\/04\/18\/zidul-cetatii-lui-stefan-cel-mare-s-a-prabusit-ce-urmeaza\/","title":{"rendered":"Zidul cet\u0103\u021bii lui \u0218tefan cel Mare s-a pr\u0103bu\u0219it: ce urmeaz\u0103?"},"content":{"rendered":"<p>Recent, o parte din zidul Cet\u0103\u021bii Hotin, situat\u0103 \u00een regiunea Cern\u0103u\u021bi, a suferit o pr\u0103bu\u0219ire. Conform informa\u021biilor oferite de NEXTA, incidentul a afectat stratul exterior al acestei cet\u0103\u021bi medievale, \u00eens\u0103, din fericire, nu s-au \u00eenregistrat victime. \u00cen urma acestui eveniment, zona turistic\u0103 a fost \u00eenchis\u0103 temporar, iar speciali\u0219tii au \u00eenceput evaluarea daunelor.<\/p>\n<p>&nbsp;<\/p>\n<p style=\"color: #c9c8cd;font-family: Arial,sans-serif;font-size: 14px;line-height: 17px;margin-bottom: 0;margin-top: 8px;overflow: hidden;padding: 8px 0 7px;text-align: center;white-space: nowrap\"><a style=\"color: #c9c8cd;font-family: Arial,sans-serif;font-size: 14px;font-style: normal;font-weight: normal;line-height: 17px;text-decoration: none\" href=\"https:\/\/www.instagram.com\/reel\/DXQo62SCM3_\/?utm_source=ig_embed&amp;utm_campaign=loading\" target=\"_blank\" rel=\"noopener\">O postare distribuit\u0103 de \u0425\u043e\u0442\u0438\u043d (@khotyn_gram)<\/a><\/p>\n<p>&nbsp;<\/p>\n<p>Cetatea Hotin, localizat\u0103 pe malul Nistrului, este un simbol istoric important pentru Ucraina. Construit\u0103 \u00een secolul al XIV-lea de c\u0103tre polonezi, cetatea a fost ulterior consolidat\u0103 sub conducerea lui Alexandru cel Bun. De-a lungul secolelor XV \u0219i XVI, marele voievod \u0218tefan cel Mare \u0219i Petru Rare\u0219 au extins-o, iar mai t\u00e2rziu a fost ocupat\u0103 \u0219i transformat\u0103 \u00een raia de turci.<\/p>\n<p>\u00cen timpul R\u0103zboiului ruso-turc din 1806-1812, cetatea a fost cucerit\u0103 de armatele ruse\u0219ti. Dup\u0103 o perioad\u0103 de degradare, \u00een urm\u0103 cu aproximativ 50 de ani, cetatea a fost par\u021bial restaurat\u0103 \u0219i a devenit una dintre principalele atrac\u021bii turistice ale Ucrainei. \u00cen 2007, statul ucrainean a recunoscut importan\u021ba sa, declar\u00e2nd-o una dintre cele \u0219apte minuni ale \u021b\u0103rii.<\/p>\n","protected":false},"excerpt":{"rendered":"<p>Recent, o parte din zidul Cet\u0103\u021bii Hotin, situat\u0103 \u00een regiunea Cern\u0103u\u021bi, a suferit o pr\u0103bu\u0219ire. Conform informa\u021biilor oferite de NEXTA, incidentul a afectat stratul exterior al acestei cet\u0103\u021bi medievale, \u00eens\u0103, din fericire, nu s-au \u00eenregistrat victime. \u00cen urma acestui eveniment, zona turistic\u0103 a fost \u00eenchis\u0103 temporar, iar speciali\u0219tii au \u00eenceput evaluarea daunelor. &nbsp; O postare [&hellip;]<\/p>\n","protected":false},"author":2,"featured_media":14404,"comment_status":"open","ping_status":"open","sticky":false,"template":"","format":"standard","meta":{"jnews-multi-image_gallery":[],"jnews_single_post":[],"jnews_primary_category":[],"jnews_override_counter":[],"footnotes":""},"categories":[41],"tags":[16974,16972,873,2836,2833,16975,16973,386],"class_list":["post-14403","post","type-post","status-publish","format-standard","has-post-thumbnail","hentry","category-externe","tag-alexandru-cel-bun","tag-cetatea-hotin","tag-istorie","tag-monument-istoric","tag-prabusire","tag-razboi-ruso-turc","tag-regiunea-cernauti","tag-turism"],"_links":{"self":[{"href":"https:\/\/www.newsrecorder.ro\/app\/wp-json\/wp\/v2\/posts\/14403","targetHints":{"allow":["GET"]}}],"collection":[{"href":"https:\/\/www.newsrecorder.ro\/app\/wp-json\/wp\/v2\/posts"}],"about":[{"href":"https:\/\/www.newsrecorder.ro\/app\/wp-json\/wp\/v2\/types\/post"}],"author":[{"embeddable":true,"href":"https:\/\/www.newsrecorder.ro\/app\/wp-json\/wp\/v2\/users\/2"}],"replies":[{"embeddable":true,"href":"https:\/\/www.newsrecorder.ro\/app\/wp-json\/wp\/v2\/comments?post=14403"}],"version-history":[{"count":0,"href":"https:\/\/www.newsrecorder.ro\/app\/wp-json\/wp\/v2\/posts\/14403\/revisions"}],"wp:featuredmedia":[{"embeddable":true,"href":"https:\/\/www.newsrecorder.ro\/app\/wp-json\/wp\/v2\/media\/14404"}],"wp:attachment":[{"href":"https:\/\/www.newsrecorder.ro\/app\/wp-json\/wp\/v2\/media?parent=14403"}],"wp:term":[{"taxonomy":"category","embeddable":true,"href":"https:\/\/www.newsrecorder.ro\/app\/wp-json\/wp\/v2\/categories?post=14403"},{"taxonomy":"post_tag","embeddable":true,"href":"https:\/\/www.newsrecorder.ro\/app\/wp-json\/wp\/v2\/tags?post=14403"}],"curies":[{"name":"wp","href":"https:\/\/api.w.org\/{rel}","templated":true}]}}