{"id":14425,"date":"2026-04-18T21:10:20","date_gmt":"2026-04-18T21:10:20","guid":{"rendered":"https:\/\/www.newsrecorder.ro\/app\/2026\/04\/18\/barbatul-care-a-semanat-teroare-in-kiev-detalii-socante-despre-atacant\/"},"modified":"2026-04-18T21:10:20","modified_gmt":"2026-04-18T21:10:20","slug":"barbatul-care-a-semanat-teroare-in-kiev-detalii-socante-despre-atacant","status":"publish","type":"post","link":"https:\/\/www.newsrecorder.ro\/app\/2026\/04\/18\/barbatul-care-a-semanat-teroare-in-kiev-detalii-socante-despre-atacant\/","title":{"rendered":"B\u0103rbatul care a sem\u0103nat teroare \u00een Kiev: detalii \u0219ocante despre atacant"},"content":{"rendered":"<p>Informa\u021biile recente despre incidentul tragic din Kiev, \u00een care un b\u0103rbat a deschis focul \u0219i a luat ostatici, au \u00eenceput s\u0103 circule \u00een pres\u0103. Jurnalistul Vitali Glagola, citat de Nexta, a identificat suspectul ca fiind Dmitri Vasilchenkov, un b\u0103rbat cu cet\u0103\u021benie dubl\u0103, ucrainean\u0103 \u0219i rus\u0103. N\u0103scut \u00een 1968 la Moscova, Vasilchenkov a locuit anterior \u00een Bahmut.<\/p>\n<p>Surse neoficiale sugereaz\u0103 c\u0103 Vasilchenkov a fost ofi\u021ber \u00een armata rus\u0103, av\u00e2nd gradul de locotenent-colonel. Investig\u00e2nd conturile sale de socializare, au fost descoperite informa\u021bii care indicau o posibil\u0103 leg\u0103tur\u0103 cu trupele aeropurtate. De asemenea, se pare c\u0103 acesta era un sus\u021bin\u0103tor activ al r\u0103zboiului \u00eempotriva Ucrainei \u0219i de\u021binea arme \u00eenregistrate legal.<\/p>\n<p>\u00cen prezent, toate aceste informa\u021bii sunt \u00een curs de verificare de c\u0103tre autorit\u0103\u021bile ucrainene.<\/p>\n<p>Incidentele au avut loc s\u00e2mb\u0103t\u0103 dup\u0103-amiaz\u0103 pe un bulevard din Kiev, unde agresorul a deschis focul asupra trec\u0103torilor, provoc\u00e2nd moartea a \u0219ase persoane \u0219i r\u0103nirea altor c\u00e2\u021biva, care au fost transporta\u021bi la spital. Dup\u0103 ce a luat ostatici \u0219i s-a baricadat \u00eentr-un magazin, interven\u021bia poli\u021biei a dus la tragerea sa mortal\u0103.<\/p>\n","protected":false},"excerpt":{"rendered":"<p>Informa\u021biile recente despre incidentul tragic din Kiev, \u00een care un b\u0103rbat a deschis focul \u0219i a luat ostatici, au \u00eenceput s\u0103 circule \u00een pres\u0103. Jurnalistul Vitali Glagola, citat de Nexta, a identificat suspectul ca fiind Dmitri Vasilchenkov, un b\u0103rbat cu cet\u0103\u021benie dubl\u0103, ucrainean\u0103 \u0219i rus\u0103. N\u0103scut \u00een 1968 la Moscova, Vasilchenkov a locuit anterior \u00een [&hellip;]<\/p>\n","protected":false},"author":2,"featured_media":14426,"comment_status":"open","ping_status":"open","sticky":false,"template":"","format":"standard","meta":{"jnews-multi-image_gallery":[],"jnews_single_post":[],"jnews_primary_category":[],"jnews_override_counter":[],"footnotes":""},"categories":[41],"tags":[4289,16994,16992,16991,4443,920,4448,16993],"class_list":["post-14425","post","type-post","status-publish","format-standard","has-post-thumbnail","hentry","category-externe","tag-armata-rusa","tag-arme-legale","tag-cetatenie-dubla","tag-dmitri-vasilchenkov","tag-incident-tragic","tag-kiev","tag-ostatici","tag-razboi-impotriva-ucranei"],"_links":{"self":[{"href":"https:\/\/www.newsrecorder.ro\/app\/wp-json\/wp\/v2\/posts\/14425","targetHints":{"allow":["GET"]}}],"collection":[{"href":"https:\/\/www.newsrecorder.ro\/app\/wp-json\/wp\/v2\/posts"}],"about":[{"href":"https:\/\/www.newsrecorder.ro\/app\/wp-json\/wp\/v2\/types\/post"}],"author":[{"embeddable":true,"href":"https:\/\/www.newsrecorder.ro\/app\/wp-json\/wp\/v2\/users\/2"}],"replies":[{"embeddable":true,"href":"https:\/\/www.newsrecorder.ro\/app\/wp-json\/wp\/v2\/comments?post=14425"}],"version-history":[{"count":0,"href":"https:\/\/www.newsrecorder.ro\/app\/wp-json\/wp\/v2\/posts\/14425\/revisions"}],"wp:featuredmedia":[{"embeddable":true,"href":"https:\/\/www.newsrecorder.ro\/app\/wp-json\/wp\/v2\/media\/14426"}],"wp:attachment":[{"href":"https:\/\/www.newsrecorder.ro\/app\/wp-json\/wp\/v2\/media?parent=14425"}],"wp:term":[{"taxonomy":"category","embeddable":true,"href":"https:\/\/www.newsrecorder.ro\/app\/wp-json\/wp\/v2\/categories?post=14425"},{"taxonomy":"post_tag","embeddable":true,"href":"https:\/\/www.newsrecorder.ro\/app\/wp-json\/wp\/v2\/tags?post=14425"}],"curies":[{"name":"wp","href":"https:\/\/api.w.org\/{rel}","templated":true}]}}