{"id":14453,"date":"2026-04-18T22:37:10","date_gmt":"2026-04-18T22:37:10","guid":{"rendered":"https:\/\/www.newsrecorder.ro\/app\/2026\/04\/18\/romania-in-criza-cum-ne-afecteaza-recesiunea-si-prognozele-financiare\/"},"modified":"2026-04-18T22:37:10","modified_gmt":"2026-04-18T22:37:10","slug":"romania-in-criza-cum-ne-afecteaza-recesiunea-si-prognozele-financiare","status":"publish","type":"post","link":"https:\/\/www.newsrecorder.ro\/app\/2026\/04\/18\/romania-in-criza-cum-ne-afecteaza-recesiunea-si-prognozele-financiare\/","title":{"rendered":"Rom\u00e2nia \u00een criz\u0103: Cum ne afecteaz\u0103 recesiunea \u0219i prognozele financiare?"},"content":{"rendered":"<p>Declinul economic al Rom\u00e2niei se manifest\u0103 \u00een contextul m\u0103surilor fiscale adoptate de Guvern \u00een vara anului trecut, menite s\u0103 reduc\u0103 deficitul bugetar prin cre\u0219terea impozitelor \u0219i \u00eenghe\u021barea veniturilor.<\/p>\n<p>Pe 13 februarie 2026, Institutul Na\u021bional de Statistic\u0103 (INS) a anun\u021bat c\u0103 Rom\u00e2nia a intrat \u00een recesiune tehnic\u0103 la finalul anului 2025, \u00een urma a dou\u0103 trimestre consecutive de sc\u0103dere a Produsului Intern Brut (PIB) comparativ cu perioadele anterioare.<\/p>\n<p id=\"p-0\">Conform INS, \u00een trimestrul IV al anului 2025, PIB-ul a sc\u0103zut cu 1,9% \u00een termeni reali fa\u021b\u0103 de trimestrul III din 2025, pe seria ajustat\u0103 sezonier.<\/p>\n<p id=\"p-1\">Aceasta reprezint\u0103 a doua sc\u0103dere consecutiv\u0103, dup\u0103 ce, \u00een trimestrul III, PIB-ul a \u00eenregistrat o sc\u0103dere de 0,1% comparativ cu trimestrul II.<\/p>\n<p>Dup\u0103 anun\u021bul INS privind recesiunea tehnic\u0103, premierul Ilie Bolojan a declarat c\u0103 <a style=\"color: #0000ff\" href=\"https:\/\/www.mediafax.ro\/stirile-zilei\/premierul-bolojan-dupa-intrarea-in-recesiune-tehnica-din-a-doua-jumatate-a-acestui-an-vom-vedea-ca-lucrurile-se-reaseaza-23686518\">situa\u021bia este temporar\u0103<\/a> \u0219i c\u0103 efectele m\u0103surilor de austeritate vor fi resim\u021bite \u00een lunile urm\u0103toare, cu speran\u021ba c\u0103 \u00een a doua jum\u0103tate a anului se vor crea condi\u021bii pentru o revenire economic\u0103.<\/p>\n<p>\u00cen ciuda eforturilor Guvernului de a stabiliza economia, institu\u021biile financiare interna\u021bionale au revizuit estim\u0103rile privind dezvoltarea economic\u0103 a Rom\u00e2niei.<\/p>\n<p>Odat\u0103 cu \u00eenvestirea Executivului condus de Bolojan, s-au implementat m\u0103suri de austeritate pentru reducerea deficitului bugetar, printre care majorarea cotei TVA \u0219i a accizelor, precum \u0219i blocarea index\u0103rilor pensiilor \u0219i salariilor.<\/p>\n<p>Cu toate acestea, aceste m\u0103suri nu au adus rezultatele a\u0219teptate. Rata anual\u0103 a infla\u021biei a atins un record de 9,9% \u00een martie 2026, conform INS.<\/p>\n<p>Institu\u021biile financiare interna\u021bionale au fost nevoite s\u0103-\u0219i ajusteze prognozele economice pentru Rom\u00e2nia. Fondul Monetar Interna\u021bional (FMI) <a style=\"color: #0000ff\" href=\"https:\/\/www.mediafax.ro\/economic\/fmi-reduce-prognoza-de-crestere-economica-a-romaniei-la-07-in-2026-care-sunt-estimarile-privind-inflatia-23720018\">a revizuit \u00een jos prognoza de cre\u0219tere economic\u0103<\/a> pentru acest an, estim\u00e2nd acum o cre\u0219tere de 0,7% \u00een 2026, comparativ cu un avans de 1,4% prev\u0103zut \u00een toamna anului 2025. Totu\u0219i, pentru anul 2027, FMI preconizeaz\u0103 o revenire cu o cre\u0219tere de 2,5%.<\/p>\n<p>\u00cen plus, FMI a ajustat prognoza infla\u021biei, estim\u00e2nd o rat\u0103 de 7,8% pentru 2026, \u00een cre\u0219tere fa\u021b\u0103 de 6,7% estimat\u0103 \u00een <a href=\"https:\/\/www.imf.org\/-\/media\/files\/publications\/weo\/2025\/october\/english\/ch1.pdf\" target=\"_blank\" rel=\"noopener\">raportul din octombrie<\/a>.<\/p>\n<p>De asemenea, Banca Mondial\u0103 a revizuit prognoza de cre\u0219tere a economiei rom\u00e2ne\u0219ti, estim\u00e2nd acum o cre\u0219tere de doar 0,5% \u00een 2026, fa\u021b\u0103 de 1,3% \u00een prognoza anterioar\u0103 din ianuarie. Previziunile pentru 2027 au fost, de asemenea, revizuite \u00een jos, de la 1,9% la 1,4%.<\/p>\n","protected":false},"excerpt":{"rendered":"<p>Declinul economic al Rom\u00e2niei se manifest\u0103 \u00een contextul m\u0103surilor fiscale adoptate de Guvern \u00een vara anului trecut, menite s\u0103 reduc\u0103 deficitul bugetar prin cre\u0219terea impozitelor \u0219i \u00eenghe\u021barea veniturilor. Pe 13 februarie 2026, Institutul Na\u021bional de Statistic\u0103 (INS) a anun\u021bat c\u0103 Rom\u00e2nia a intrat \u00een recesiune tehnic\u0103 la finalul anului 2025, \u00een urma a dou\u0103 trimestre [&hellip;]<\/p>\n","protected":false},"author":4,"featured_media":14454,"comment_status":"open","ping_status":"open","sticky":false,"template":"","format":"standard","meta":{"jnews-multi-image_gallery":[],"jnews_single_post":[],"jnews_primary_category":[],"jnews_override_counter":[],"footnotes":""},"categories":[40],"tags":[2613,4798,298,787,4663,2929,3478,149],"class_list":["post-14453","post","type-post","status-publish","format-standard","has-post-thumbnail","hentry","category-econonie","tag-austeritate","tag-declin-economic","tag-deficit-bugetar","tag-impozite","tag-masuri-fiscale","tag-produs-intern-brut","tag-recesiune-tehnica","tag-romania"],"_links":{"self":[{"href":"https:\/\/www.newsrecorder.ro\/app\/wp-json\/wp\/v2\/posts\/14453","targetHints":{"allow":["GET"]}}],"collection":[{"href":"https:\/\/www.newsrecorder.ro\/app\/wp-json\/wp\/v2\/posts"}],"about":[{"href":"https:\/\/www.newsrecorder.ro\/app\/wp-json\/wp\/v2\/types\/post"}],"author":[{"embeddable":true,"href":"https:\/\/www.newsrecorder.ro\/app\/wp-json\/wp\/v2\/users\/4"}],"replies":[{"embeddable":true,"href":"https:\/\/www.newsrecorder.ro\/app\/wp-json\/wp\/v2\/comments?post=14453"}],"version-history":[{"count":0,"href":"https:\/\/www.newsrecorder.ro\/app\/wp-json\/wp\/v2\/posts\/14453\/revisions"}],"wp:featuredmedia":[{"embeddable":true,"href":"https:\/\/www.newsrecorder.ro\/app\/wp-json\/wp\/v2\/media\/14454"}],"wp:attachment":[{"href":"https:\/\/www.newsrecorder.ro\/app\/wp-json\/wp\/v2\/media?parent=14453"}],"wp:term":[{"taxonomy":"category","embeddable":true,"href":"https:\/\/www.newsrecorder.ro\/app\/wp-json\/wp\/v2\/categories?post=14453"},{"taxonomy":"post_tag","embeddable":true,"href":"https:\/\/www.newsrecorder.ro\/app\/wp-json\/wp\/v2\/tags?post=14453"}],"curies":[{"name":"wp","href":"https:\/\/api.w.org\/{rel}","templated":true}]}}