{"id":14463,"date":"2026-04-18T23:39:46","date_gmt":"2026-04-18T23:39:46","guid":{"rendered":"https:\/\/www.newsrecorder.ro\/app\/2026\/04\/18\/iranul-lanseaza-provocari-navele-din-ormuz-sub-focuri-de-arma\/"},"modified":"2026-04-18T23:39:46","modified_gmt":"2026-04-18T23:39:46","slug":"iranul-lanseaza-provocari-navele-din-ormuz-sub-focuri-de-arma","status":"publish","type":"post","link":"https:\/\/www.newsrecorder.ro\/app\/2026\/04\/18\/iranul-lanseaza-provocari-navele-din-ormuz-sub-focuri-de-arma\/","title":{"rendered":"Iranul lanseaz\u0103 provoc\u0103ri, navele din Ormuz sub focuri de arm\u0103!"},"content":{"rendered":"<p>\u00centr-un incident alarmant petrecut s\u00e2mb\u0103t\u0103, cel pu\u021bin dou\u0103 nave comerciale au raportat c\u0103 au fost atacate cu focuri de arm\u0103 \u00een timp ce \u00eencercau s\u0103 traverseze Str\u00e2mtoarea Ormuz, conform unor surse din domeniul securit\u0103\u021bii maritime \u0219i transportului maritim citate de <a href=\"https:\/\/www.reuters.com\/world\/asia-pacific\/trump-says-he-has-good-news-iran-no-clarity-peace-deal-2026-04-18\/\">Reuters<\/a>.<\/p>\n<p>Acest incident a avut loc la scurt timp dup\u0103 ce Iranul a anun\u021bat c\u0103 \u00ee\u0219i <a href=\"https:\/\/www.mediafax.ro\/externe\/stramtoarea-ormuz-inchisa-din-nou-anunta-presa-de-stat-iraniana-23722203\">consolideaz\u0103 din nou controlul asupra c\u0103ii navigabile din str\u00e2mtoare<\/a>. \u00cen prealabil, sistemele de urm\u0103rire maritim\u0103 au surprins un convoi format din opt petroliere travers\u00e2nd str\u00e2mtoarea, aceasta fiind prima mi\u0219care a navelor \u00een contextul conflictului dintre Statele Unite \u0219i Israel \u00eempotriva Iranului, conflict care dureaz\u0103 deja de \u0219apte s\u0103pt\u0103m\u00e2ni.<\/p>\n<p>S\u00e2mb\u0103t\u0103, autorit\u0103\u021bile iraniene au declarat c\u0103 reimpun controale militare stricte asupra acestei rute vitale, care reprezint\u0103 canalul prin care circul\u0103 aproximativ o cincime din comer\u021bul global cu petrol. \u00cen acela\u0219i timp, Statele Unite au afirmat c\u0103 continu\u0103 blocada porturilor iraniene.<\/p>\n<p>\u00centr-un mesaj provocator postat pe canalul s\u0103u de Telegram, liderul suprem iranian, Mojtaba Khamenei, a transmis c\u0103 marina iranian\u0103 este preg\u0103tit\u0103 s\u0103 provoace \u201enoi \u00eenfr\u00e2ngeri amare\u201d inamicilor s\u0103i. Pe de alt\u0103 parte, pre\u0219edintele american Donald Trump a declarat, cu c\u00e2teva ore \u00eenainte, c\u0103 exist\u0103 \u201eni\u0219te ve\u0219ti destul de bune\u201d privind situa\u021bia din Iran, \u00eens\u0103 nu a oferit detalii suplimentare.<\/p>\n<p>Trump a men\u021bionat, de asemenea, c\u0103 bombardamentele ar putea fi reluate f\u0103r\u0103 un acord de pace, av\u00e2nd \u00een vedere c\u0103 termenul unui armisti\u021biu de dou\u0103 s\u0103pt\u0103m\u00e2ni expir\u0103 miercuri.<\/p>\n<p>Este important de men\u021bionat c\u0103 Iranul anun\u021base vineri redeschiderea temporar\u0103 a Str\u00e2mtorii Ormuz, ca urmare a unui armisti\u021biu de 10 zile, mediat de SUA, \u00eentre Israel \u0219i Liban, \u00eencheiat joi. Totu\u0219i, s\u00e2mb\u0103t\u0103, comandamentul for\u021belor armate iraniene a declarat c\u0103 tranzitul prin str\u00e2mtoare a revenit la o stare de control militar strict, invoc\u00e2nd \u00eenc\u0103lc\u0103ri repetate ale legilor americane \u0219i acte de \u201epiraterie\u201d sub pretextul unei blocade.<\/p>\n<p>Purt\u0103torul de cuv\u00e2nt al for\u021belor iraniene a subliniat c\u0103 Iranul a fost de acord anterior, \u201ecu bun\u0103-credin\u021b\u0103\u201d, cu trecerea controlat\u0103 a unui num\u0103r limitat de petroliere \u0219i nave comerciale \u00een urma negocierilor. Totu\u0219i, din cauza ac\u021biunilor constante ale SUA, Teheranul a fost nevoit s\u0103 reimpun\u0103 controale mai stricte asupra transportului maritim prin acest punct strategic de blocare.<\/p>\n","protected":false},"excerpt":{"rendered":"<p>\u00centr-un incident alarmant petrecut s\u00e2mb\u0103t\u0103, cel pu\u021bin dou\u0103 nave comerciale au raportat c\u0103 au fost atacate cu focuri de arm\u0103 \u00een timp ce \u00eencercau s\u0103 traverseze Str\u00e2mtoarea Ormuz, conform unor surse din domeniul securit\u0103\u021bii maritime \u0219i transportului maritim citate de Reuters. Acest incident a avut loc la scurt timp dup\u0103 ce Iranul a anun\u021bat c\u0103 [&hellip;]<\/p>\n","protected":false},"author":2,"featured_media":14464,"comment_status":"open","ping_status":"open","sticky":false,"template":"","format":"standard","meta":{"jnews-multi-image_gallery":[],"jnews_single_post":[],"jnews_primary_category":[],"jnews_override_counter":[],"footnotes":""},"categories":[42],"tags":[17025,324,11215,17026,913,1736,11394,8772],"class_list":["post-14463","post","type-post","status-publish","format-standard","has-post-thumbnail","hentry","category-politica","tag-atacuri-navale","tag-comert-global","tag-conflicte-internationale","tag-controale-militare","tag-iran","tag-petrol","tag-securitate-maritima","tag-stramtoarea-ormuz"],"_links":{"self":[{"href":"https:\/\/www.newsrecorder.ro\/app\/wp-json\/wp\/v2\/posts\/14463","targetHints":{"allow":["GET"]}}],"collection":[{"href":"https:\/\/www.newsrecorder.ro\/app\/wp-json\/wp\/v2\/posts"}],"about":[{"href":"https:\/\/www.newsrecorder.ro\/app\/wp-json\/wp\/v2\/types\/post"}],"author":[{"embeddable":true,"href":"https:\/\/www.newsrecorder.ro\/app\/wp-json\/wp\/v2\/users\/2"}],"replies":[{"embeddable":true,"href":"https:\/\/www.newsrecorder.ro\/app\/wp-json\/wp\/v2\/comments?post=14463"}],"version-history":[{"count":0,"href":"https:\/\/www.newsrecorder.ro\/app\/wp-json\/wp\/v2\/posts\/14463\/revisions"}],"wp:featuredmedia":[{"embeddable":true,"href":"https:\/\/www.newsrecorder.ro\/app\/wp-json\/wp\/v2\/media\/14464"}],"wp:attachment":[{"href":"https:\/\/www.newsrecorder.ro\/app\/wp-json\/wp\/v2\/media?parent=14463"}],"wp:term":[{"taxonomy":"category","embeddable":true,"href":"https:\/\/www.newsrecorder.ro\/app\/wp-json\/wp\/v2\/categories?post=14463"},{"taxonomy":"post_tag","embeddable":true,"href":"https:\/\/www.newsrecorder.ro\/app\/wp-json\/wp\/v2\/tags?post=14463"}],"curies":[{"name":"wp","href":"https:\/\/api.w.org\/{rel}","templated":true}]}}