{"id":14471,"date":"2026-04-19T03:45:35","date_gmt":"2026-04-19T03:45:35","guid":{"rendered":"https:\/\/www.newsrecorder.ro\/app\/2026\/04\/19\/spania-mexic-si-brazilia-cer-un-dialog-constructiv-cu-cuba\/"},"modified":"2026-04-19T03:45:35","modified_gmt":"2026-04-19T03:45:35","slug":"spania-mexic-si-brazilia-cer-un-dialog-constructiv-cu-cuba","status":"publish","type":"post","link":"https:\/\/www.newsrecorder.ro\/app\/2026\/04\/19\/spania-mexic-si-brazilia-cer-un-dialog-constructiv-cu-cuba\/","title":{"rendered":"Spania, Mexic \u0219i Brazilia cer un dialog constructiv cu Cuba"},"content":{"rendered":"<p>\u201eNe exprim\u0103m \u00eengrijor\u0103rile profunde cu privire la criza umanitar\u0103 cu care se confrunt\u0103 poporul cubanez \u0219i cerem adoptarea m\u0103surilor necesare pentru a ameliora aceast\u0103 situa\u021bie\u201d, se arat\u0103 \u00eentr-un comunicat al celor trei guverne, publicat de Ministerul Afacerilor Externe din Mexic, conform <a href=\"https:\/\/www.lefigaro.fr\/international\/l-espagne-le-mexique-et-le-bresil-appellent-a-un-dialogue-respectueux-avec-cuba-20260419\" target=\"_blank\" rel=\"noopener\">Le Figaro<\/a>.<\/p>\n<p>\u00cen documentul respectiv, autorit\u0103\u021bile au solicitat \u201eevitarea ac\u021biunilor care ar putea agrava condi\u021biile de trai ale popula\u021biei sau care contravin dreptului interna\u021bional\u201d. De asemenea, ele subliniaz\u0103 importan\u021ba unui \u201edialog sincer \u0219i respectuos, \u00een conformitate cu normele interna\u021bionale\u201d. Cele trei state au exprimat \u0219i necesitatea de a g\u0103si \u201eo solu\u021bie durabil\u0103 pentru situa\u021bia actual\u0103 \u0219i de a garanta c\u0103 poporul cubanez \u00ee\u0219i va decide liber viitorul\u201d.<\/p>\n<p>Acest apel urgent a fost lansat \u00een contextul unui summit al liderilor de st\u00e2nga care se desf\u0103\u0219oar\u0103 la Barcelona, unde particip\u0103, printre al\u021bii, pre\u0219edinta Mexicului, Claudia Sheinbaum, \u0219i omologul s\u0103u din Brazilia, Luis In\u00e1cio Lula da Silva, sub egida prim-ministrului spaniol Pedro S\u00e1nchez.<\/p>\n<p>\u00cen acela\u0219i timp, Statele Unite, care <a href=\"https:\/\/www.mediafax.ro\/stirile-zilei\/protest-pe-biciclete-la-havana-cubanezii-cer-ridicarea-embargoului-american-23714288\" target=\"_blank\" rel=\"noopener\">s-au opus regimului comunist din Cuba<\/a> \u00eenc\u0103 de la instaurarea acestuia \u00een 1959, au intensificat presiunea economic\u0103 asupra insulei cu 9,6 milioane de locuitori \u00een ianuarie. Aceasta a inclus blocarea tuturor aprovizion\u0103rilor cu hidrocarburi, imediat dup\u0103 ce principalul s\u0103u aliat, pre\u0219edintele venezuelean Nicol\u00e1s Maduro, a fost \u00eendep\u0103rtat de la putere. Aceast\u0103 m\u0103sur\u0103 a agravat criza economic\u0103 \u0219i energetic\u0103 cu care Cuba se confrunt\u0103 de mul\u021bi ani.<\/p>\n","protected":false},"excerpt":{"rendered":"<p>\u201eNe exprim\u0103m \u00eengrijor\u0103rile profunde cu privire la criza umanitar\u0103 cu care se confrunt\u0103 poporul cubanez \u0219i cerem adoptarea m\u0103surilor necesare pentru a ameliora aceast\u0103 situa\u021bie\u201d, se arat\u0103 \u00eentr-un comunicat al celor trei guverne, publicat de Ministerul Afacerilor Externe din Mexic, conform Le Figaro. \u00cen documentul respectiv, autorit\u0103\u021bile au solicitat \u201eevitarea ac\u021biunilor care ar putea agrava [&hellip;]<\/p>\n","protected":false},"author":2,"featured_media":14472,"comment_status":"open","ping_status":"open","sticky":false,"template":"","format":"standard","meta":{"jnews-multi-image_gallery":[],"jnews_single_post":[],"jnews_primary_category":[],"jnews_override_counter":[],"footnotes":""},"categories":[39],"tags":[16078,4427,17033,7471,13992,17032,11291,17034],"class_list":["post-14471","post","type-post","status-publish","format-standard","has-post-thumbnail","hentry","category-stirile-zilei","tag-claudia-sheinbaum","tag-criza-umanitara","tag-dialog-sincer","tag-drept-international","tag-masuri-necesare","tag-popor-cubanez","tag-solutie-durabila","tag-summit-lideri-de-stanga"],"_links":{"self":[{"href":"https:\/\/www.newsrecorder.ro\/app\/wp-json\/wp\/v2\/posts\/14471","targetHints":{"allow":["GET"]}}],"collection":[{"href":"https:\/\/www.newsrecorder.ro\/app\/wp-json\/wp\/v2\/posts"}],"about":[{"href":"https:\/\/www.newsrecorder.ro\/app\/wp-json\/wp\/v2\/types\/post"}],"author":[{"embeddable":true,"href":"https:\/\/www.newsrecorder.ro\/app\/wp-json\/wp\/v2\/users\/2"}],"replies":[{"embeddable":true,"href":"https:\/\/www.newsrecorder.ro\/app\/wp-json\/wp\/v2\/comments?post=14471"}],"version-history":[{"count":0,"href":"https:\/\/www.newsrecorder.ro\/app\/wp-json\/wp\/v2\/posts\/14471\/revisions"}],"wp:featuredmedia":[{"embeddable":true,"href":"https:\/\/www.newsrecorder.ro\/app\/wp-json\/wp\/v2\/media\/14472"}],"wp:attachment":[{"href":"https:\/\/www.newsrecorder.ro\/app\/wp-json\/wp\/v2\/media?parent=14471"}],"wp:term":[{"taxonomy":"category","embeddable":true,"href":"https:\/\/www.newsrecorder.ro\/app\/wp-json\/wp\/v2\/categories?post=14471"},{"taxonomy":"post_tag","embeddable":true,"href":"https:\/\/www.newsrecorder.ro\/app\/wp-json\/wp\/v2\/tags?post=14471"}],"curies":[{"name":"wp","href":"https:\/\/api.w.org\/{rel}","templated":true}]}}