{"id":14473,"date":"2026-04-19T03:45:50","date_gmt":"2026-04-19T03:45:50","guid":{"rendered":"https:\/\/www.newsrecorder.ro\/app\/2026\/04\/19\/viitorul-premier-al-ungariei-cauta-sprijinul-poloniei-pentru-ue\/"},"modified":"2026-04-19T03:45:50","modified_gmt":"2026-04-19T03:45:50","slug":"viitorul-premier-al-ungariei-cauta-sprijinul-poloniei-pentru-ue","status":"publish","type":"post","link":"https:\/\/www.newsrecorder.ro\/app\/2026\/04\/19\/viitorul-premier-al-ungariei-cauta-sprijinul-poloniei-pentru-ue\/","title":{"rendered":"Viitorul premier al Ungariei caut\u0103 sprijinul Poloniei pentru UE!"},"content":{"rendered":"<p>\u00cencep\u00e2nd din 1989, Ungaria \u0219i Polonia au urmat c\u0103i paralele, iar \u00een prezent, liderii lor de centru-dreapta, pro-europeni, se confrunt\u0103 cu provocarea de a restaura statul de drept \u0219i de a \u00eent\u0103ri institu\u021biile democratice, dup\u0103 o perioad\u0103 marcat\u0103 de regres democratic \u0219i tensiuni cu Uniunea European\u0103, conform unui articol publicat de <a href=\"https:\/\/www.theguardian.com\/world\/2026\/apr\/18\/hungary-peter-magyar-donald-tusk-poland-europe\" target=\"_blank\" rel=\"noopener\">The Guardian<\/a>.<\/p>\n<p>\u00cen noaptea alegerilor, cei doi lideri au celebrat rezultatele, Tusk exprim\u00e2ndu-\u0219i bucuria \u00een fa\u021ba lui Magyar, chiar din Coreea: \u201eSunt at\u00e2t de fericit. Cred c\u0103 sunt chiar mai fericit dec\u00e2t tine, \u0219tii?\u201d<\/p>\n<p>\u00cen diminea\u021ba urm\u0103toare, Tusk a declarat reporterilor: \u201eMai \u00eent\u00e2i Var\u0219ovia, apoi Bucure\u0219ti, Chi\u0219in\u0103u \u0219i acum Budapesta. Aceast\u0103 parte a Europei demonstreaz\u0103 c\u0103 nu suntem condamna\u021bi la o guvernare corupt\u0103 \u0219i autoritar\u0103.\u201d<\/p>\n<p>Vizibil u\u0219urat, el a ad\u0103ugat: \u201eMi-a fost luat\u0103 o greutate de pe umeri, pentru c\u0103 am fost \u00eengrijorat p\u00e2n\u0103 la sf\u00e2r\u0219it.\u201d<\/p>\n<p>\u00cen ceea ce prive\u0219te prima sa vizit\u0103 oficial\u0103, Magyar a r\u0103spuns cu promptitudine la laudele lui Tusk. La o conferin\u021b\u0103 de pres\u0103, unde steagurile Ungariei erau flancate de cele ale Uniunii Europene, el a subliniat existen\u021ba unei \u201erela\u021bii speciale\u201d cu Polonia, aleg\u00e2nd Var\u0219ovia pentru prima sa c\u0103l\u0103torie extern\u0103 \u00een noua sa func\u021bie.<\/p>\n<p>Parteneriatul dintre cei doi lideri ar putea fi crucial pentru a readuce Budapesta \u00een centrul politicii europene. Odat\u0103 ce Magyar \u00eel va succeda pe Viktor Orb\u00e1n la Consiliul European, Tusk va deveni cel mai experimentat lider de la masa negocierilor, iar sprijinul s\u0103u s-ar putea dovedi esen\u021bial \u00een discu\u021biile cu blocul comunitar.<\/p>\n<p>Vineri, oficialii Uniunii Europene au avut primele discu\u021bii informale cu noua administra\u021bie de la Budapesta. Bruxelles-ul \u00ee\u0219i propune ca Ungaria s\u0103 renun\u021be la blocajul impus \u00een privin\u021ba unui \u00eemprumut de 90 de miliarde de euro destinat Ucrainei \u0219i s\u0103 ajung\u0103 la un acord privind noi sanc\u021biuni \u00eempotriva Rusiei, ca semn timpuriu al unei realinieri politice.<\/p>\n<p>\u00cen plus, Ungaria va trebui s\u0103 \u00eendeplineasc\u0103 o serie de condi\u021bii legate de reforma institu\u021biilor sale, sistemul judiciar, combaterea corup\u021biei, legisla\u021bia privind azilul \u0219i asigurarea libert\u0103\u021bilor academice.<\/p>\n","protected":false},"excerpt":{"rendered":"<p>\u00cencep\u00e2nd din 1989, Ungaria \u0219i Polonia au urmat c\u0103i paralele, iar \u00een prezent, liderii lor de centru-dreapta, pro-europeni, se confrunt\u0103 cu provocarea de a restaura statul de drept \u0219i de a \u00eent\u0103ri institu\u021biile democratice, dup\u0103 o perioad\u0103 marcat\u0103 de regres democratic \u0219i tensiuni cu Uniunea European\u0103, conform unui articol publicat de The Guardian. \u00cen noaptea [&hellip;]<\/p>\n","protected":false},"author":2,"featured_media":14474,"comment_status":"open","ping_status":"open","sticky":false,"template":"","format":"standard","meta":{"jnews-multi-image_gallery":[],"jnews_single_post":[],"jnews_primary_category":[],"jnews_override_counter":[],"footnotes":""},"categories":[39],"tags":[1042,17035,17037,1032,17036,4416,1924,321],"class_list":["post-14473","post","type-post","status-publish","format-standard","has-post-thumbnail","hentry","category-stirile-zilei","tag-alegeri","tag-institutii-democratice","tag-lideri-centru-dreapta","tag-polonia","tag-regres-democratic","tag-stat-de-drept","tag-ungaria","tag-uniunea-europeana"],"_links":{"self":[{"href":"https:\/\/www.newsrecorder.ro\/app\/wp-json\/wp\/v2\/posts\/14473","targetHints":{"allow":["GET"]}}],"collection":[{"href":"https:\/\/www.newsrecorder.ro\/app\/wp-json\/wp\/v2\/posts"}],"about":[{"href":"https:\/\/www.newsrecorder.ro\/app\/wp-json\/wp\/v2\/types\/post"}],"author":[{"embeddable":true,"href":"https:\/\/www.newsrecorder.ro\/app\/wp-json\/wp\/v2\/users\/2"}],"replies":[{"embeddable":true,"href":"https:\/\/www.newsrecorder.ro\/app\/wp-json\/wp\/v2\/comments?post=14473"}],"version-history":[{"count":0,"href":"https:\/\/www.newsrecorder.ro\/app\/wp-json\/wp\/v2\/posts\/14473\/revisions"}],"wp:featuredmedia":[{"embeddable":true,"href":"https:\/\/www.newsrecorder.ro\/app\/wp-json\/wp\/v2\/media\/14474"}],"wp:attachment":[{"href":"https:\/\/www.newsrecorder.ro\/app\/wp-json\/wp\/v2\/media?parent=14473"}],"wp:term":[{"taxonomy":"category","embeddable":true,"href":"https:\/\/www.newsrecorder.ro\/app\/wp-json\/wp\/v2\/categories?post=14473"},{"taxonomy":"post_tag","embeddable":true,"href":"https:\/\/www.newsrecorder.ro\/app\/wp-json\/wp\/v2\/tags?post=14473"}],"curies":[{"name":"wp","href":"https:\/\/api.w.org\/{rel}","templated":true}]}}