{"id":14475,"date":"2026-04-19T03:46:04","date_gmt":"2026-04-19T03:46:04","guid":{"rendered":"https:\/\/www.newsrecorder.ro\/app\/2026\/04\/19\/curtea-de-apel-aproba-reluarea-constructiei-salii-de-bal-a-lui-trump\/"},"modified":"2026-04-19T03:46:04","modified_gmt":"2026-04-19T03:46:04","slug":"curtea-de-apel-aproba-reluarea-constructiei-salii-de-bal-a-lui-trump","status":"publish","type":"post","link":"https:\/\/www.newsrecorder.ro\/app\/2026\/04\/19\/curtea-de-apel-aproba-reluarea-constructiei-salii-de-bal-a-lui-trump\/","title":{"rendered":"Curtea de Apel aprob\u0103 reluarea construc\u021biei s\u0103lii de bal a lui Trump!"},"content":{"rendered":"<p>Curtea de Apel a Statelor Unite pentru Districtul Columbia a decis s\u0103 acorde o suspendare administrativ\u0103, dup\u0103 ce administra\u021bia Trump a contestat, joi, verdictul judec\u0103torului districtual Richard Leon, care a dispus oprirea lucr\u0103rilor de construc\u021bie la suprafa\u021b\u0103. Informa\u021bia a fost raportat\u0103 de <a href=\"https:\/\/www.bbc.com\/news\/articles\/clyx9xyy0j9o\" target=\"_blank\" rel=\"noopener\">BBC<\/a>.<\/p>\n<p>Se estimeaz\u0103 c\u0103 activit\u0103\u021bile de construc\u021bie vor continua p\u00e2n\u0103 la urm\u0103toarea audiere, programat\u0103 pentru 5 iunie.<\/p>\n<p>Aceste decizii au fost luate dup\u0103 ce instan\u021ba de apel a solicitat judec\u0103torului s\u0103 reevalueze implica\u021biile legate de securitatea na\u021bional\u0103 generate de oprirea lucr\u0103rilor, av\u00e2nd \u00een vedere c\u0103 \u00een martie curtea a suspendat temporar toate activit\u0103\u021bile de construc\u021bie a s\u0103lii de bal.<\/p>\n<p>Aceast\u0103 hot\u0103r\u00e2re reprezint\u0103 o victorie pentru pre\u0219edintele Trump \u00een demersul s\u0103u de a remodela o structur\u0103 emblema a Statelor Unite.<\/p>\n<p>Judec\u0103torul Leon a subliniat, joi, c\u0103, \u00een opinia sa, proiectul necesit\u0103 aprobarea Congresului, ad\u0103ug\u00e2nd c\u0103 reclasificarea planurilor s\u0103lii de bal ca fiind esen\u021biale pentru securitatea na\u021bional\u0103 de c\u0103tre administra\u021bie pare a fi o manevr\u0103 pentru a dep\u0103\u0219i obstacolele legale.<\/p>\n<p>\u201eSecuritatea na\u021bional\u0103 nu este un cec \u00een alb pentru a justifica activit\u0103\u021bi care, \u00een mod normal, ar fi ilegale\u201d, a afirmat el.<\/p>\n<p>\u00cen urma acestei decizii, Trump l-a criticat pe judec\u0103tor pe platforma Truth Social, acuz\u00e2ndu-l c\u0103 \u201e\u00eencearc\u0103 s\u0103 \u00eempiedice viitorii pre\u0219edin\u021bi \u0219i lideri mondiali s\u0103 dispun\u0103 de un loc de \u00eent\u00e2lnire sigur \u0219i securizat pe o scar\u0103 larg\u0103\u201d.<\/p>\n","protected":false},"excerpt":{"rendered":"<p>Curtea de Apel a Statelor Unite pentru Districtul Columbia a decis s\u0103 acorde o suspendare administrativ\u0103, dup\u0103 ce administra\u021bia Trump a contestat, joi, verdictul judec\u0103torului districtual Richard Leon, care a dispus oprirea lucr\u0103rilor de construc\u021bie la suprafa\u021b\u0103. Informa\u021bia a fost raportat\u0103 de BBC. Se estimeaz\u0103 c\u0103 activit\u0103\u021bile de construc\u021bie vor continua p\u00e2n\u0103 la urm\u0103toarea audiere, [&hellip;]<\/p>\n","protected":false},"author":2,"featured_media":14476,"comment_status":"open","ping_status":"open","sticky":false,"template":"","format":"standard","meta":{"jnews-multi-image_gallery":[],"jnews_single_post":[],"jnews_primary_category":[],"jnews_override_counter":[],"footnotes":""},"categories":[39],"tags":[3322,1091,3929,17039,17038,182,416,17040],"class_list":["post-14475","post","type-post","status-publish","format-standard","has-post-thumbnail","hentry","category-stirile-zilei","tag-administratia-trump","tag-congres","tag-curtea-de-apel","tag-judecatorul-richard-leon","tag-lucrari-de-constructie","tag-proiect","tag-securitate-nationala","tag-suspendare-administrativa"],"_links":{"self":[{"href":"https:\/\/www.newsrecorder.ro\/app\/wp-json\/wp\/v2\/posts\/14475","targetHints":{"allow":["GET"]}}],"collection":[{"href":"https:\/\/www.newsrecorder.ro\/app\/wp-json\/wp\/v2\/posts"}],"about":[{"href":"https:\/\/www.newsrecorder.ro\/app\/wp-json\/wp\/v2\/types\/post"}],"author":[{"embeddable":true,"href":"https:\/\/www.newsrecorder.ro\/app\/wp-json\/wp\/v2\/users\/2"}],"replies":[{"embeddable":true,"href":"https:\/\/www.newsrecorder.ro\/app\/wp-json\/wp\/v2\/comments?post=14475"}],"version-history":[{"count":0,"href":"https:\/\/www.newsrecorder.ro\/app\/wp-json\/wp\/v2\/posts\/14475\/revisions"}],"wp:featuredmedia":[{"embeddable":true,"href":"https:\/\/www.newsrecorder.ro\/app\/wp-json\/wp\/v2\/media\/14476"}],"wp:attachment":[{"href":"https:\/\/www.newsrecorder.ro\/app\/wp-json\/wp\/v2\/media?parent=14475"}],"wp:term":[{"taxonomy":"category","embeddable":true,"href":"https:\/\/www.newsrecorder.ro\/app\/wp-json\/wp\/v2\/categories?post=14475"},{"taxonomy":"post_tag","embeddable":true,"href":"https:\/\/www.newsrecorder.ro\/app\/wp-json\/wp\/v2\/tags?post=14475"}],"curies":[{"name":"wp","href":"https:\/\/api.w.org\/{rel}","templated":true}]}}