{"id":14501,"date":"2026-04-19T09:36:52","date_gmt":"2026-04-19T09:36:52","guid":{"rendered":"https:\/\/www.newsrecorder.ro\/app\/2026\/04\/19\/premierul-slovac-blocat-in-zbor-spre-moscova-de-doua-tari-ue\/"},"modified":"2026-04-19T09:36:52","modified_gmt":"2026-04-19T09:36:52","slug":"premierul-slovac-blocat-in-zbor-spre-moscova-de-doua-tari-ue","status":"publish","type":"post","link":"https:\/\/www.newsrecorder.ro\/app\/2026\/04\/19\/premierul-slovac-blocat-in-zbor-spre-moscova-de-doua-tari-ue\/","title":{"rendered":"Premierul slovac, blocat \u00een zbor spre Moscova de dou\u0103 \u021b\u0103ri UE!"},"content":{"rendered":"<p>Dou\u0103 \u021b\u0103ri membre ale Uniunii Europene, Lituania \u0219i Letonia, au confirmat c\u0103 nu \u00eei vor permite prim-ministrului slovac, Robert Fico, s\u0103 traverseze spa\u021biul lor aerian \u00een drum spre Moscova, unde este programat\u0103 celebrarea zilei de 9 mai. Informa\u021biile au fost furnizate de Live Ukraine, iar Fico a f\u0103cut aceast\u0103 declara\u021bie \u00een timpul unei conferin\u021be de pres\u0103. De\u0219i i s-a refuzat accesul, Fico a afirmat c\u0103 nu va renun\u021ba la c\u0103l\u0103toria \u00een Rusia \u0219i va c\u0103uta o rut\u0103 alternativ\u0103 pentru a ajunge la eveniment.<\/p>\n<p>Este important de men\u021bionat c\u0103 premierul slovac a participat \u0219i anul trecut la festivit\u0103\u021bile de 9 mai din Rusia, fiind al\u0103turi de pre\u0219edintele s\u00e2rbe, Aleksandar Vu\u010di\u0107. Cei doi au fost singurii lideri europeni prezen\u021bi la ceremonia organizat\u0103 de Vladimir Putin.<\/p>\n<p>Robert Fico este cunoscut ca fiind unul dintre pu\u021binii lideri europeni care au men\u021binut rela\u021bii str\u00e2nse cu pre\u0219edintele rus. \u00cempreun\u0103 cu Viktor Orb\u00e1n, prim-ministrul Ungariei, Fico a blocat mai multe ini\u021biative propuse de Uniunea European\u0103 referitoare la Ucraina.<\/p>\n<p>Data de 9 mai este semnificativ\u0103 \u00een Rusia, reprezent\u00e2nd o s\u0103rb\u0103toare important\u0103 care comemoreaz\u0103 capitularea Germaniei naziste \u00een 1945.<\/p>\n","protected":false},"excerpt":{"rendered":"<p>Dou\u0103 \u021b\u0103ri membre ale Uniunii Europene, Lituania \u0219i Letonia, au confirmat c\u0103 nu \u00eei vor permite prim-ministrului slovac, Robert Fico, s\u0103 traverseze spa\u021biul lor aerian \u00een drum spre Moscova, unde este programat\u0103 celebrarea zilei de 9 mai. Informa\u021biile au fost furnizate de Live Ukraine, iar Fico a f\u0103cut aceast\u0103 declara\u021bie \u00een timpul unei conferin\u021be de [&hellip;]<\/p>\n","protected":false},"author":2,"featured_media":14502,"comment_status":"open","ping_status":"open","sticky":false,"template":"","format":"standard","meta":{"jnews-multi-image_gallery":[],"jnews_single_post":[],"jnews_primary_category":[],"jnews_override_counter":[],"footnotes":""},"categories":[41],"tags":[1539,1923,1033,10231,2080,681,321,17064],"class_list":["post-14501","post","type-post","status-publish","format-standard","has-post-thumbnail","hentry","category-externe","tag-eveniment","tag-letonia","tag-lituania","tag-relatii-externe","tag-robert-fico","tag-rusia","tag-uniunea-europeana","tag-ziua-de-9-mai"],"_links":{"self":[{"href":"https:\/\/www.newsrecorder.ro\/app\/wp-json\/wp\/v2\/posts\/14501","targetHints":{"allow":["GET"]}}],"collection":[{"href":"https:\/\/www.newsrecorder.ro\/app\/wp-json\/wp\/v2\/posts"}],"about":[{"href":"https:\/\/www.newsrecorder.ro\/app\/wp-json\/wp\/v2\/types\/post"}],"author":[{"embeddable":true,"href":"https:\/\/www.newsrecorder.ro\/app\/wp-json\/wp\/v2\/users\/2"}],"replies":[{"embeddable":true,"href":"https:\/\/www.newsrecorder.ro\/app\/wp-json\/wp\/v2\/comments?post=14501"}],"version-history":[{"count":0,"href":"https:\/\/www.newsrecorder.ro\/app\/wp-json\/wp\/v2\/posts\/14501\/revisions"}],"wp:featuredmedia":[{"embeddable":true,"href":"https:\/\/www.newsrecorder.ro\/app\/wp-json\/wp\/v2\/media\/14502"}],"wp:attachment":[{"href":"https:\/\/www.newsrecorder.ro\/app\/wp-json\/wp\/v2\/media?parent=14501"}],"wp:term":[{"taxonomy":"category","embeddable":true,"href":"https:\/\/www.newsrecorder.ro\/app\/wp-json\/wp\/v2\/categories?post=14501"},{"taxonomy":"post_tag","embeddable":true,"href":"https:\/\/www.newsrecorder.ro\/app\/wp-json\/wp\/v2\/tags?post=14501"}],"curies":[{"name":"wp","href":"https:\/\/api.w.org\/{rel}","templated":true}]}}