{"id":14503,"date":"2026-04-19T10:21:44","date_gmt":"2026-04-19T10:21:44","guid":{"rendered":"https:\/\/www.newsrecorder.ro\/app\/2026\/04\/19\/kiev-in-stare-de-soc-atacul-sangeros-ar-putea-fi-opera-rusiei\/"},"modified":"2026-04-19T10:21:44","modified_gmt":"2026-04-19T10:21:44","slug":"kiev-in-stare-de-soc-atacul-sangeros-ar-putea-fi-opera-rusiei","status":"publish","type":"post","link":"https:\/\/www.newsrecorder.ro\/app\/2026\/04\/19\/kiev-in-stare-de-soc-atacul-sangeros-ar-putea-fi-opera-rusiei\/","title":{"rendered":"Kiev \u00een stare de \u0219oc: Atacul s\u00e2ngeros ar putea fi opera Rusiei!"},"content":{"rendered":"<p><a style=\"color: #0000ff\" href=\"https:\/\/www.mediafax.ro\/externe\/cine-este-barbatul-care-a-deschis-focul-pe-strazile-din-kiev-omorand-si-ranind-mai-multi-oameni-23722321\">Dmitri Vasilchenkov<\/a>, un b\u0103rbat de 58 de ani, a provocat un incident tragic s\u00e2mb\u0103t\u0103 pe str\u0103zile Kievului, deschiz\u00e2nd focul \u0219i lu\u00e2nd ostatici. \u00cen urma atacului, \u0219ase persoane au fost ucise. Conform informa\u021biilor preliminare, Vasilchenkov ar avea cet\u0103\u021benie dubl\u0103, at\u00e2t ucrainean\u0103, c\u00e2t \u0219i rus\u0103.<\/p>\n<p>For\u021bele de ordine au izolat rapid zona din cartierul Holosiivskyi \u0219i au \u00eencercat s\u0103 ini\u021bieze negocieri cu atacatorul, \u00eens\u0103 acesta a refuzat colaborarea. Confruntarea s-a \u00eencheiat dup\u0103 aproximativ 40 de minute, moment \u00een care b\u0103rbatul a fost \u00eempu\u0219cat \u0219i ucis de c\u0103tre autorit\u0103\u021bi.<\/p>\n<p>Informa\u021bii citate de <a style=\"color: #0000ff\" href=\"https:\/\/www.theguardian.com\/world\/2026\/apr\/18\/terrorist-attack-kyiv-ukraine\" target=\"_blank\" rel=\"noopener\">The Guardian<\/a>, subliniaz\u0103 c\u0103 pre\u0219edintele ucrainean Volodimir Zelenski a declarat c\u0103 Vasilchenkov avea un cazier judiciar semnificativ.<\/p>\n<p>Mai mult, o baz\u0103 de date public\u0103 din Rusia a relevat c\u0103 b\u0103rbatul a de\u021binut mai multe conturi bancare \u00een Rusia p\u00e2n\u0103 cel pu\u021bin \u00een 2021, avea un num\u0103r de telefon rusesc \u0219i a efectuat mai multe c\u0103l\u0103torii \u00een Rusia \u00een 2016.<\/p>\n<p>Raporturile indic\u0103, de asemenea, c\u0103 Vasilchenkov posta frecvent pe re\u021belele sociale con\u021binut anti-ucrainean \u0219i antisemit, neg\u00e2nd \u00een mod deschis dreptul Ucrainei de a exista ca \u021bar\u0103, conform celor men\u021bionate de The Guardian.<\/p>\n<p>\u00cen ciuda acestor informa\u021bii, r\u0103m\u00e2ne neclar ce fel de leg\u0103turi a avut b\u0103rbatul cu Rusia, dac\u0103 acestea au existat. Evenimentele din weekend au avut loc \u00eentr-un context mai larg, \u00een care Kremlinul a recrutat peste 800 de ucraineni \u00een ultimii doi ani pentru a desf\u0103\u0219ura atacuri asupra infrastructurii critice \u0219i a birourilor de recrutare.<\/p>\n<p>\u201eFie este nebun, fie acesta este un atac terorist rusesc. Nu \u0219tim de c\u00e2t timp preg\u0103tea acest lucru. Este posibil s\u0103 fi comunicat cu cineva din Rusia\u201d, a declarat Tymofii Solovei, un paramedic aflat la fa\u021ba locului, conform The Guardian.<\/p>\n","protected":false},"excerpt":{"rendered":"<p>Dmitri Vasilchenkov, un b\u0103rbat de 58 de ani, a provocat un incident tragic s\u00e2mb\u0103t\u0103 pe str\u0103zile Kievului, deschiz\u00e2nd focul \u0219i lu\u00e2nd ostatici. \u00cen urma atacului, \u0219ase persoane au fost ucise. Conform informa\u021biilor preliminare, Vasilchenkov ar avea cet\u0103\u021benie dubl\u0103, at\u00e2t ucrainean\u0103, c\u00e2t \u0219i rus\u0103. For\u021bele de ordine au izolat rapid zona din cartierul Holosiivskyi \u0219i au [&hellip;]<\/p>\n","protected":false},"author":2,"featured_media":14504,"comment_status":"open","ping_status":"open","sticky":false,"template":"","format":"standard","meta":{"jnews-multi-image_gallery":[],"jnews_single_post":[],"jnews_primary_category":[],"jnews_override_counter":[],"footnotes":""},"categories":[41],"tags":[14586,17066,16992,17065,4443,920,686,4448],"class_list":["post-14503","post","type-post","status-publish","format-standard","has-post-thumbnail","hentry","category-externe","tag-atacator","tag-cazier-judiciar","tag-cetatenie-dubla","tag-fortele-de-ordine","tag-incident-tragic","tag-kiev","tag-negocieri","tag-ostatici"],"_links":{"self":[{"href":"https:\/\/www.newsrecorder.ro\/app\/wp-json\/wp\/v2\/posts\/14503","targetHints":{"allow":["GET"]}}],"collection":[{"href":"https:\/\/www.newsrecorder.ro\/app\/wp-json\/wp\/v2\/posts"}],"about":[{"href":"https:\/\/www.newsrecorder.ro\/app\/wp-json\/wp\/v2\/types\/post"}],"author":[{"embeddable":true,"href":"https:\/\/www.newsrecorder.ro\/app\/wp-json\/wp\/v2\/users\/2"}],"replies":[{"embeddable":true,"href":"https:\/\/www.newsrecorder.ro\/app\/wp-json\/wp\/v2\/comments?post=14503"}],"version-history":[{"count":0,"href":"https:\/\/www.newsrecorder.ro\/app\/wp-json\/wp\/v2\/posts\/14503\/revisions"}],"wp:featuredmedia":[{"embeddable":true,"href":"https:\/\/www.newsrecorder.ro\/app\/wp-json\/wp\/v2\/media\/14504"}],"wp:attachment":[{"href":"https:\/\/www.newsrecorder.ro\/app\/wp-json\/wp\/v2\/media?parent=14503"}],"wp:term":[{"taxonomy":"category","embeddable":true,"href":"https:\/\/www.newsrecorder.ro\/app\/wp-json\/wp\/v2\/categories?post=14503"},{"taxonomy":"post_tag","embeddable":true,"href":"https:\/\/www.newsrecorder.ro\/app\/wp-json\/wp\/v2\/tags?post=14503"}],"curies":[{"name":"wp","href":"https:\/\/api.w.org\/{rel}","templated":true}]}}