{"id":1451,"date":"2026-02-03T15:37:16","date_gmt":"2026-02-03T15:37:16","guid":{"rendered":"https:\/\/www.newsrecorder.ro\/app\/2026\/02\/03\/atentie-ger-vant-puternic-si-precipitatii-mixte-in-urmatoarele-zile\/"},"modified":"2026-02-03T15:37:16","modified_gmt":"2026-02-03T15:37:16","slug":"atentie-ger-vant-puternic-si-precipitatii-mixte-in-urmatoarele-zile","status":"publish","type":"post","link":"https:\/\/www.newsrecorder.ro\/app\/2026\/02\/03\/atentie-ger-vant-puternic-si-precipitatii-mixte-in-urmatoarele-zile\/","title":{"rendered":"Aten\u021bie! Ger, v\u00e2nt puternic \u0219i precipita\u021bii mixte \u00een urm\u0103toarele zile!"},"content":{"rendered":"<p>Conform prognozelor furnizate de meteorologii de la <a href=\"https:\/\/www.meteoromania.ro\/\" target=\"_blank\" rel=\"noopener\">ANM<\/a>, vremea se va r\u0103ci semnificativ comparativ cu normele specifice acestei perioade. Ne a\u0219teapt\u0103 temperaturi sc\u0103zute, v\u00e2nt puternic, polei \u0219i ghe\u021bu\u0219, iar \u00een zonele montane, viscolul va face ca condi\u021biile s\u0103 fie \u0219i mai severe. Intensitatea acestor fenomene meteorologice va cre\u0219te considerabil \u00een anumite intervale.<\/p>\n<p><strong>Frig persistent \u0219i precipita\u021bii mixte<\/strong><\/p>\n<p>\u00cen ziua de mar\u021bi, 3 februarie, frigul va fi mai accentuat \u00een regiunile sudice \u0219i estice ale \u021b\u0103rii. Temperaturile maxime se vor situa \u00eentre -8 \u0219i 0\u00b0C, iar minimele vor oscila \u00eentre -9 \u0219i -3\u00b0C.<\/p>\n<p>\u00cencep\u00e2nd cu seara zilei de mar\u021bi \u0219i continu\u00e2nd pe parcursul zilei de miercuri, v\u00e2ntul va deveni mai intens \u00een sud-vest, est \u0219i \u00een zona montan\u0103, cu rafale ce vor atinge 40-50 km\/h. La altitudini de peste 1.700 m, viteza v\u00e2ntului poate ajunge p\u00e2n\u0103 la 70-80 km\/h, provoc\u00e2nd viscol temporar.<\/p>\n<p>Precipita\u021biile vor fi distribuite pe \u00eentreg teritoriul \u021b\u0103rii: \u00een vest \u0219i sud, se vor \u00eenregistra ploi, iar \u00een Maramure\u0219, Transilvania, Moldova \u0219i \u00een zonele montane sunt posibile ploi \u0219i ninsori mixte. Aceste condi\u021bii climaterice pot favoriza formarea poleiului \u0219i a ghe\u021bu\u0219ului, \u00een special \u00een regiunile sud-vest, centru \u0219i nord-est.<\/p>\n<p><strong>Cod galben de temperaturi foarte sc\u0103zute<\/strong><\/p>\n<p>Avertizarea de ger este valabil\u0103 \u00een urm\u0103toarele intervale:<\/p>\n<p><strong>Mar\u021bi<\/strong>, 3 februarie (10:00 &#8211; 20:00): \u00een Oltenia, Dobrogea, cea mai mare parte a Moldovei \u0219i Munteniei, temperaturile maxime vor fi cu 7-9\u00b0C sub valorile normale, variind \u00eentre -8 \u0219i -4\u00b0C.<\/p>\n<p><strong>Mar\u021bi<\/strong>, 3 februarie (20:00) &#8211; <strong>Miercuri<\/strong>, 4 februarie (10:00): \u00een Moldova, Oltenia \u0219i mare parte din Muntenia, minimele vor oscila \u00eentre -9 \u0219i -6\u00b0C, gener\u00e2nd un disconfort termic accentuat.<\/p>\n<p><strong>Cod galben de v\u00e2nt puternic<\/strong><\/p>\n<p>Un alt Cod galben este activ \u00eentre 4 februarie, ora 08:00 \u0219i 5 februarie, ora 20:00, av\u00e2nd \u00een vedere intensific\u0103rile v\u00e2ntului. \u00cen jude\u021bul Cara\u0219-Severin \u0219i local \u00een Timi\u0219, rafalele vor atinge 50-70 km\/h. De asemenea, \u00een Mun\u021bii Banatului \u0219i \u00een zona \u00eenalt\u0103 din vestul Carpa\u021bilor Meridionali, viteza v\u00e2ntului poate dep\u0103\u0219i 90-100 km\/h, provoc\u00e2nd viscol temporar.<\/p>\n<p><strong>Actualiz\u0103ri \u0219i recomand\u0103ri<\/strong><\/p>\n<p>ANM subliniaz\u0103 c\u0103, \u00een func\u021bie de evolu\u021bia fenomenelor, inform\u0103rile pot suferi modific\u0103ri, iar avertiz\u0103rile nowcasting pentru fenomene severe imediate pot fi emise. Autorit\u0103\u021bile <a href=\"https:\/\/www.mediafax.ro\/politic\/combinatia-dintre-canicula-seceta-si-ploi-torentiale-face-romania-vulnerabila-avertismentul-ministerului-mediului-23672654\" target=\"_blank\" rel=\"noopener\">recomand\u0103<\/a> cet\u0103\u021benilor s\u0103 se informeze din surse oficiale \u0219i s\u0103 ia m\u0103suri de precau\u021bie, \u00een special \u00een regiunile afectate de ger, polei \u0219i v\u00e2nt puternic.<\/p>\n","protected":false},"excerpt":{"rendered":"<p>Conform prognozelor furnizate de meteorologii de la ANM, vremea se va r\u0103ci semnificativ comparativ cu normele specifice acestei perioade. Ne a\u0219teapt\u0103 temperaturi sc\u0103zute, v\u00e2nt puternic, polei \u0219i ghe\u021bu\u0219, iar \u00een zonele montane, viscolul va face ca condi\u021biile s\u0103 fie \u0219i mai severe. Intensitatea acestor fenomene meteorologice va cre\u0219te considerabil \u00een anumite intervale. Frig persistent \u0219i [&hellip;]<\/p>\n","protected":false},"author":5,"featured_media":1452,"comment_status":"open","ping_status":"open","sticky":false,"template":"","format":"standard","meta":{"jnews-multi-image_gallery":[],"jnews_single_post":[],"jnews_primary_category":[],"jnews_override_counter":[],"footnotes":""},"categories":[45],"tags":[1555,136,195,141,81,994,1142,139],"class_list":["post-1451","post","type-post","status-publish","format-standard","has-post-thumbnail","hentry","category-meteo","tag-ghetus","tag-polei","tag-precipitatii-mixte","tag-prognoza-meteo","tag-temperaturi-scazute","tag-vant-puternic","tag-viscol","tag-vreme-rece"],"_links":{"self":[{"href":"https:\/\/www.newsrecorder.ro\/app\/wp-json\/wp\/v2\/posts\/1451","targetHints":{"allow":["GET"]}}],"collection":[{"href":"https:\/\/www.newsrecorder.ro\/app\/wp-json\/wp\/v2\/posts"}],"about":[{"href":"https:\/\/www.newsrecorder.ro\/app\/wp-json\/wp\/v2\/types\/post"}],"author":[{"embeddable":true,"href":"https:\/\/www.newsrecorder.ro\/app\/wp-json\/wp\/v2\/users\/5"}],"replies":[{"embeddable":true,"href":"https:\/\/www.newsrecorder.ro\/app\/wp-json\/wp\/v2\/comments?post=1451"}],"version-history":[{"count":0,"href":"https:\/\/www.newsrecorder.ro\/app\/wp-json\/wp\/v2\/posts\/1451\/revisions"}],"wp:featuredmedia":[{"embeddable":true,"href":"https:\/\/www.newsrecorder.ro\/app\/wp-json\/wp\/v2\/media\/1452"}],"wp:attachment":[{"href":"https:\/\/www.newsrecorder.ro\/app\/wp-json\/wp\/v2\/media?parent=1451"}],"wp:term":[{"taxonomy":"category","embeddable":true,"href":"https:\/\/www.newsrecorder.ro\/app\/wp-json\/wp\/v2\/categories?post=1451"},{"taxonomy":"post_tag","embeddable":true,"href":"https:\/\/www.newsrecorder.ro\/app\/wp-json\/wp\/v2\/tags?post=1451"}],"curies":[{"name":"wp","href":"https:\/\/api.w.org\/{rel}","templated":true}]}}