{"id":14513,"date":"2026-04-19T11:41:48","date_gmt":"2026-04-19T11:41:48","guid":{"rendered":"https:\/\/www.newsrecorder.ro\/app\/2026\/04\/19\/anda-filip-face-istorie-ca-primul-secretar-general-roman-al-uniunii-interparlamentare\/"},"modified":"2026-04-19T11:41:48","modified_gmt":"2026-04-19T11:41:48","slug":"anda-filip-face-istorie-ca-primul-secretar-general-roman-al-uniunii-interparlamentare","status":"publish","type":"post","link":"https:\/\/www.newsrecorder.ro\/app\/2026\/04\/19\/anda-filip-face-istorie-ca-primul-secretar-general-roman-al-uniunii-interparlamentare\/","title":{"rendered":"Anda Filip face istorie ca primul secretar general rom\u00e2n al Uniunii Interparlamentare!"},"content":{"rendered":"<p>Victoria Andei Filip reprezint\u0103 un moment istoric nu doar pentru Rom\u00e2nia, ci \u0219i pentru Uniunea Interparlamentar\u0103 (UIP), o organiza\u021bie cu o tradi\u021bie de peste 135 de ani \u00een promovarea dialogului parlamentar pe plan mondial.<\/p>\n<p>Conform rezultatelor votului, candidatul Rom\u00e2niei a avut o performan\u021b\u0103 remarcabil\u0103, reu\u0219ind s\u0103 se impun\u0103 \u00een aceast\u0103 competi\u021bie select\u0103. Anda Filip a fost unul dintre cei cinci candida\u021bi pentru aceast\u0103 func\u021bie prestigioas\u0103 \u0219i a ob\u021binut majoritatea necesar\u0103 \u00eenc\u0103 din primul tur.<\/p>\n<p>Alegerea Andei Filip aduce cu sine dou\u0103 premiere istorice pentru UIP:<\/p>\n<ul>\n<li><strong>Este prima femeie<\/strong> care va conduce Secretariatul Uniunii Interparlamentare;<\/li>\n<li><strong>Este primul reprezentant al Europei de Est<\/strong> ales \u00een aceast\u0103 func\u021bie.<\/li>\n<\/ul>\n<p>Acest succes este v\u0103zut ca un semn important al rolului tot mai activ pe care Rom\u00e2nia \u00eel joac\u0103 \u00een diploma\u021bia parlamentar\u0103 interna\u021bional\u0103 \u0219i \u00een consolidarea cooper\u0103rii multilaterale.<\/p>\n<p>Pre\u0219edintele Senatului, Mircea Abrudean, a salutat cu entuziasm rezultatul votului, subliniind impactul diplomatic al acestei realiz\u0103ri. \u201eAm sus\u021binut candidatura doamnei Filip, iar victoria dumneaei nu este doar un succes diplomatic de excep\u021bie, ci \u0219i o recunoa\u0219tere a valorii profesionale pe care Rom\u00e2nia o aduce pe scena global\u0103. \u00centr-o lume care are nevoie de dialog \u0219i echilibru, alegerea primei femei la conducerea celui mai vechi for parlamentar mondial, cu un sprijin at\u00e2t de mare, este un semnal de modernizare \u0219i de \u00eencredere\u201d, a declarat <a href=\"https:\/\/www.mediafax.ro\/politic\/mircea-abrudean-romania-obtine-penultimul-aviz-favorabil-pentru-aderarea-la-ocde-un-semn-clar-de-incredere-al-organizatiei-23714650\">Mircea Abrudean<\/a>.<\/p>\n<p>El a ad\u0103ugat c\u0103 acest rezultat confirm\u0103 rolul Rom\u00e2niei \u00een rela\u021biile interna\u021bionale: \u201eSunt m\u00e2ndru c\u0103 Rom\u00e2nia scrie ast\u0103zi istorie la Istanbul, reconfirm\u00e2nd statutul nostru de pilon de stabilitate \u0219i profesionalism \u00een rela\u021biile interna\u021bionale.\u201d<\/p>\n<p>Experien\u021ba Andei Filip \u00een cadrul UIP \u0219i viziunea sa pentru un parlamentarism modern, incluziv \u0219i orientat spre solu\u021bii globale au constituit argumentele esen\u021biale care au unit parlamentele lumii \u00een jurul candidaturii sale, conform declara\u021biilor din partea Senatului.<\/p>\n<p>\u201eFelicit\u0103ri, Anda Filip! Este un moment de m\u00e2ndrie pentru noi to\u021bi \u0219i o oportunitate imens\u0103 pentru diploma\u021bia parlamentar\u0103 rom\u00e2neasc\u0103\u201d, a ad\u0103ugat Mircea Abrudean, eviden\u021biind semnifica\u021bia acestei realiz\u0103ri pentru \u021bar\u0103.<\/p>\n","protected":false},"excerpt":{"rendered":"<p>Victoria Andei Filip reprezint\u0103 un moment istoric nu doar pentru Rom\u00e2nia, ci \u0219i pentru Uniunea Interparlamentar\u0103 (UIP), o organiza\u021bie cu o tradi\u021bie de peste 135 de ani \u00een promovarea dialogului parlamentar pe plan mondial. Conform rezultatelor votului, candidatul Rom\u00e2niei a avut o performan\u021b\u0103 remarcabil\u0103, reu\u0219ind s\u0103 se impun\u0103 \u00een aceast\u0103 competi\u021bie select\u0103. Anda Filip a [&hellip;]<\/p>\n","protected":false},"author":2,"featured_media":14514,"comment_status":"open","ping_status":"open","sticky":false,"template":"","format":"standard","meta":{"jnews-multi-image_gallery":[],"jnews_single_post":[],"jnews_primary_category":[],"jnews_override_counter":[],"footnotes":""},"categories":[42],"tags":[17079,17082,17081,7044,17084,17083,17080,522],"class_list":["post-14513","post","type-post","status-publish","format-standard","has-post-thumbnail","hentry","category-politica","tag-anda-filip","tag-cooperare-multilaterala","tag-diplomatie-parlamentara","tag-europa-de-est","tag-performanta-remarcabila","tag-primul-tur","tag-uniunea-interparlamentara","tag-vot"],"_links":{"self":[{"href":"https:\/\/www.newsrecorder.ro\/app\/wp-json\/wp\/v2\/posts\/14513","targetHints":{"allow":["GET"]}}],"collection":[{"href":"https:\/\/www.newsrecorder.ro\/app\/wp-json\/wp\/v2\/posts"}],"about":[{"href":"https:\/\/www.newsrecorder.ro\/app\/wp-json\/wp\/v2\/types\/post"}],"author":[{"embeddable":true,"href":"https:\/\/www.newsrecorder.ro\/app\/wp-json\/wp\/v2\/users\/2"}],"replies":[{"embeddable":true,"href":"https:\/\/www.newsrecorder.ro\/app\/wp-json\/wp\/v2\/comments?post=14513"}],"version-history":[{"count":0,"href":"https:\/\/www.newsrecorder.ro\/app\/wp-json\/wp\/v2\/posts\/14513\/revisions"}],"wp:featuredmedia":[{"embeddable":true,"href":"https:\/\/www.newsrecorder.ro\/app\/wp-json\/wp\/v2\/media\/14514"}],"wp:attachment":[{"href":"https:\/\/www.newsrecorder.ro\/app\/wp-json\/wp\/v2\/media?parent=14513"}],"wp:term":[{"taxonomy":"category","embeddable":true,"href":"https:\/\/www.newsrecorder.ro\/app\/wp-json\/wp\/v2\/categories?post=14513"},{"taxonomy":"post_tag","embeddable":true,"href":"https:\/\/www.newsrecorder.ro\/app\/wp-json\/wp\/v2\/tags?post=14513"}],"curies":[{"name":"wp","href":"https:\/\/api.w.org\/{rel}","templated":true}]}}