{"id":14531,"date":"2026-04-19T16:15:05","date_gmt":"2026-04-19T16:15:05","guid":{"rendered":"https:\/\/www.newsrecorder.ro\/app\/2026\/04\/19\/planul-bolojan-romanii-se-confrunta-cu-cea-mai-grava-criza-economica\/"},"modified":"2026-04-19T16:15:05","modified_gmt":"2026-04-19T16:15:05","slug":"planul-bolojan-romanii-se-confrunta-cu-cea-mai-grava-criza-economica","status":"publish","type":"post","link":"https:\/\/www.newsrecorder.ro\/app\/2026\/04\/19\/planul-bolojan-romanii-se-confrunta-cu-cea-mai-grava-criza-economica\/","title":{"rendered":"\u201ePlanul Bolojan\u201d: Rom\u00e2nii se confrunt\u0103 cu cea mai grav\u0103 criz\u0103 economic\u0103!"},"content":{"rendered":"<p>Cifrele recente publicate de Institutul Na\u021bional de Statistic\u0103 (INS) relev\u0103 o realitate economic\u0103 alarmant\u0103: sub conducerea lui Bolojan, rom\u00e2nii se confrunt\u0103 cu o deteriorare constant\u0103 a nivelului de trai, cauzat\u0103 de o dubl\u0103 criz\u0103, caracterizat\u0103 printr-o infla\u021bie galopant\u0103 \u0219i o erodare semnificativ\u0103 a valorii reale a salariilor.<\/p>\n<p>Taxa invizibil\u0103 pe care o suport\u0103 fiecare rom\u00e2n<\/p>\n<p>Conform evolu\u021biei indicelui pre\u021burilor de consum, rata infla\u021biei a crescut rapid, dubl\u00e2ndu-se \u00een doar c\u00e2teva luni, de la 4,9% \u00een prim\u0103vara anului trecut la un \u00eengrijor\u0103tor 9,9% \u00een martie 2026. Aceast\u0103 explozie a pre\u021burilor nu este doar un incident nefericit, ci rezultatul direct al cre\u0219terilor drastice de taxe, \u00een special a major\u0103rii TVA-ului \u0219i a accizelor.<\/p>\n<p>\u00cen absen\u021ba acestor m\u0103suri fiscale, infla\u021bia ar fi fost mai u\u0219or de gestionat, situ\u00e2ndu-se la un nivel de aproximativ 4,5%. \u00cen schimb, \u00een timpul mandatului lui Bolojan, Rom\u00e2nia a devenit &#8222;campioana&#8221; nedorit\u0103 a Europei, av\u00e2nd cea mai mare infla\u021bie din Uniunea European\u0103, cu o rat\u0103 dubl\u0103 fa\u021b\u0103 de urm\u0103toarea \u021bar\u0103 din clasament \u0219i de peste trei ori mai mare dec\u00e2t media european\u0103. Aceast\u0103 diferen\u021b\u0103 se traduce, \u00een esen\u021b\u0103, \u00eentr-o tax\u0103 mascat\u0103 pe care fiecare cet\u0103\u021bean o pl\u0103te\u0219te zilnic la raft.<\/p>\n<p>Cea mai sever\u0103 sc\u0103dere a puterii de cump\u0103rare din ultimii 15 ani<\/p>\n<p>Graficul c\u00e2\u0219tigului salarial real ilustreaz\u0103 o pr\u0103bu\u0219ire f\u0103r\u0103 precedent. Dup\u0103 o perioad\u0103 de sus\u021binere a veniturilor, p\u00e2n\u0103 \u00een mai 2025, puterea de cump\u0103rare a \u00eenceput un declin abrupt, ajung\u00e2nd rapid sub zero. Ast\u0103zi, constat\u0103m o serie de 8 luni consecutive de sc\u0103dere a valorii reale a muncii rom\u00e2nilor.<\/p>\n<p>\u00centr-un interval de 9 luni, puterea de cump\u0103rare a salariului mediu la nivel na\u021bional a suferit o contrac\u021bie de 7,4%. Impactul este \u00eens\u0103 mult mai sever \u00een sectoarele esen\u021biale, unde ultimele date oficiale de la INS arat\u0103 sc\u0103deri dramatice. Trecerea de la o cre\u0219tere pozitiv\u0103 a c\u00e2\u0219tigului salarial real, de peste 8% la mijlocul anului 2024, la o sc\u0103dere de -5% \u00een primele luni ale anului 2026 eviden\u021biaz\u0103 amploarea dezastrului economic. \u201ePlanul Bolojan\u201d nu a generat dezvoltare, ci a adus o infla\u021bie record \u0219i a anulat ani de cre\u0219tere a nivelului de trai, provoc\u00e2nd cea mai sever\u0103 criz\u0103 financiar\u0103 pentru familiile rom\u00e2ne\u0219ti de la marea criz\u0103 financiar\u0103 \u00eencoace.<\/p>\n","protected":false},"excerpt":{"rendered":"<p>Cifrele recente publicate de Institutul Na\u021bional de Statistic\u0103 (INS) relev\u0103 o realitate economic\u0103 alarmant\u0103: sub conducerea lui Bolojan, rom\u00e2nii se confrunt\u0103 cu o deteriorare constant\u0103 a nivelului de trai, cauzat\u0103 de o dubl\u0103 criz\u0103, caracterizat\u0103 printr-o infla\u021bie galopant\u0103 \u0219i o erodare semnificativ\u0103 a valorii reale a salariilor. Taxa invizibil\u0103 pe care o suport\u0103 fiecare rom\u00e2n [&hellip;]<\/p>\n","protected":false},"author":2,"featured_media":14532,"comment_status":"open","ping_status":"open","sticky":false,"template":"","format":"standard","meta":{"jnews-multi-image_gallery":[],"jnews_single_post":[],"jnews_primary_category":[],"jnews_override_counter":[],"footnotes":""},"categories":[39],"tags":[1298,780,778,17106,149,2978,306,17107],"class_list":["post-14531","post","type-post","status-publish","format-standard","has-post-thumbnail","hentry","category-stirile-zilei","tag-bolojan","tag-economie","tag-inflatie","tag-ins","tag-romania","tag-salarii","tag-taxe","tag-valoare-reala"],"_links":{"self":[{"href":"https:\/\/www.newsrecorder.ro\/app\/wp-json\/wp\/v2\/posts\/14531","targetHints":{"allow":["GET"]}}],"collection":[{"href":"https:\/\/www.newsrecorder.ro\/app\/wp-json\/wp\/v2\/posts"}],"about":[{"href":"https:\/\/www.newsrecorder.ro\/app\/wp-json\/wp\/v2\/types\/post"}],"author":[{"embeddable":true,"href":"https:\/\/www.newsrecorder.ro\/app\/wp-json\/wp\/v2\/users\/2"}],"replies":[{"embeddable":true,"href":"https:\/\/www.newsrecorder.ro\/app\/wp-json\/wp\/v2\/comments?post=14531"}],"version-history":[{"count":0,"href":"https:\/\/www.newsrecorder.ro\/app\/wp-json\/wp\/v2\/posts\/14531\/revisions"}],"wp:featuredmedia":[{"embeddable":true,"href":"https:\/\/www.newsrecorder.ro\/app\/wp-json\/wp\/v2\/media\/14532"}],"wp:attachment":[{"href":"https:\/\/www.newsrecorder.ro\/app\/wp-json\/wp\/v2\/media?parent=14531"}],"wp:term":[{"taxonomy":"category","embeddable":true,"href":"https:\/\/www.newsrecorder.ro\/app\/wp-json\/wp\/v2\/categories?post=14531"},{"taxonomy":"post_tag","embeddable":true,"href":"https:\/\/www.newsrecorder.ro\/app\/wp-json\/wp\/v2\/tags?post=14531"}],"curies":[{"name":"wp","href":"https:\/\/api.w.org\/{rel}","templated":true}]}}