{"id":14575,"date":"2026-04-19T19:11:28","date_gmt":"2026-04-19T19:11:28","guid":{"rendered":"https:\/\/www.newsrecorder.ro\/app\/2026\/04\/19\/prognoza-anm-cum-va-fi-vremea-in-minivacanta-de-1-mai\/"},"modified":"2026-04-19T19:11:28","modified_gmt":"2026-04-19T19:11:28","slug":"prognoza-anm-cum-va-fi-vremea-in-minivacanta-de-1-mai","status":"publish","type":"post","link":"https:\/\/www.newsrecorder.ro\/app\/2026\/04\/19\/prognoza-anm-cum-va-fi-vremea-in-minivacanta-de-1-mai\/","title":{"rendered":"Prognoza ANM: Cum va fi vremea \u00een minivacan\u021ba de 1 Mai?"},"content":{"rendered":"<p>Administra\u021bia Na\u021bional\u0103 de <a href=\"https:\/\/www.meteoromania.ro\/\" target=\"_blank\" rel=\"noopener\">Meteorologie<\/a> a anun\u021bat prognoza meteo pentru perioada 13 aprilie \u2013 11 mai 2026, inclusiv pentru minivacan\u021ba de 1 Mai. Aceast\u0103 prognoz\u0103 ofer\u0103 o imagine de ansamblu asupra condi\u021biilor meteorologice a\u0219teptate \u00een urm\u0103toarele s\u0103pt\u0103m\u00e2ni.<\/p>\n<p><strong>S\u0103pt\u0103m\u00e2na 13 \u2013 20 aprilie<\/strong><\/p>\n<p>\u00cen prima s\u0103pt\u0103m\u00e2n\u0103, temperaturile vor fi u\u0219or mai ridicate \u00een regiunile intracarpatice, \u00een timp ce \u00een alte zone se vor men\u021bine la valori apropiate de cele normale pentru aceast\u0103 perioad\u0103. Precipita\u021biile vor fi deficitar \u00een regiunile intracarpatice, mai ales \u00een cele din nord-vest, \u00een timp ce restul \u021b\u0103rii va experimenta o cantitate de precipita\u021bii \u00een jurul mediei normale.<\/p>\n<p><strong>S\u0103pt\u0103m\u00e2na 20 \u2013 27 aprilie<\/strong><\/p>\n<p>\u00cen s\u0103pt\u0103m\u00e2na urm\u0103toare, temperaturile medii vor continua s\u0103 fie u\u0219or mai ridicate \u00een regiunile vestice \u0219i nord-vestice. \u00cen celelalte zone, valorile se vor men\u021bine la niveluri apropiate de normal. Cantit\u0103\u021bile de precipita\u021bii se vor \u00eencadra, \u00een majoritatea \u021b\u0103rii, \u00een limitele normale pentru aceast\u0103 perioad\u0103.<\/p>\n<p><strong>S\u0103pt\u0103m\u00e2na 27 aprilie \u2013 4 mai<\/strong><\/p>\n<p>Temperatura medie a aerului va \u00eenregistra valori u\u0219or mai ridicate \u00een regiunile intracarpatice, \u00een timp ce \u00een celelalte zone se va men\u021bine, \u00een general, la niveluri normale. De asemenea, regimul pluviometric se va situa aproape de normal \u00een majoritatea regiunilor, asigur\u00e2nd o distribu\u021bie echilibrat\u0103 a precipita\u021biilor.<\/p>\n<p><strong>S\u0103pt\u0103m\u00e2na 4 \u2013 11 mai<\/strong><\/p>\n<p>\u00cen ultima s\u0103pt\u0103m\u00e2n\u0103 a prognozei, mediile temperaturilor vor fi u\u0219or mai mari \u00een extremitatea de nord-vest a \u021b\u0103rii, \u00een vreme ce \u00een restul teritoriului se vor men\u021bine valori apropiate de cele normale. Cantit\u0103\u021bile de precipita\u021bii se vor alinia, de asemenea, la nivelurile specifice pentru aceast\u0103 s\u0103pt\u0103m\u00e2n\u0103, oferind o stabilitate climatic\u0103 pe \u00eentreg teritoriul Rom\u00e2niei.<\/p>\n","protected":false},"excerpt":{"rendered":"<p>Administra\u021bia Na\u021bional\u0103 de Meteorologie a anun\u021bat prognoza meteo pentru perioada 13 aprilie \u2013 11 mai 2026, inclusiv pentru minivacan\u021ba de 1 Mai. Aceast\u0103 prognoz\u0103 ofer\u0103 o imagine de ansamblu asupra condi\u021biilor meteorologice a\u0219teptate \u00een urm\u0103toarele s\u0103pt\u0103m\u00e2ni. S\u0103pt\u0103m\u00e2na 13 \u2013 20 aprilie \u00cen prima s\u0103pt\u0103m\u00e2n\u0103, temperaturile vor fi u\u0219or mai ridicate \u00een regiunile intracarpatice, \u00een timp [&hellip;]<\/p>\n","protected":false},"author":5,"featured_media":14576,"comment_status":"open","ping_status":"open","sticky":false,"template":"","format":"standard","meta":{"jnews-multi-image_gallery":[],"jnews_single_post":[],"jnews_primary_category":[],"jnews_override_counter":[],"footnotes":""},"categories":[45],"tags":[1375,974,16132,135,141,3043,149,126],"class_list":["post-14575","post","type-post","status-publish","format-standard","has-post-thumbnail","hentry","category-meteo","tag-aprilie","tag-conditii-meteorologice","tag-minivacanta-de-1-mai","tag-precipitatii","tag-prognoza-meteo","tag-regiunile-intracarpatice","tag-romania","tag-temperaturi"],"_links":{"self":[{"href":"https:\/\/www.newsrecorder.ro\/app\/wp-json\/wp\/v2\/posts\/14575","targetHints":{"allow":["GET"]}}],"collection":[{"href":"https:\/\/www.newsrecorder.ro\/app\/wp-json\/wp\/v2\/posts"}],"about":[{"href":"https:\/\/www.newsrecorder.ro\/app\/wp-json\/wp\/v2\/types\/post"}],"author":[{"embeddable":true,"href":"https:\/\/www.newsrecorder.ro\/app\/wp-json\/wp\/v2\/users\/5"}],"replies":[{"embeddable":true,"href":"https:\/\/www.newsrecorder.ro\/app\/wp-json\/wp\/v2\/comments?post=14575"}],"version-history":[{"count":0,"href":"https:\/\/www.newsrecorder.ro\/app\/wp-json\/wp\/v2\/posts\/14575\/revisions"}],"wp:featuredmedia":[{"embeddable":true,"href":"https:\/\/www.newsrecorder.ro\/app\/wp-json\/wp\/v2\/media\/14576"}],"wp:attachment":[{"href":"https:\/\/www.newsrecorder.ro\/app\/wp-json\/wp\/v2\/media?parent=14575"}],"wp:term":[{"taxonomy":"category","embeddable":true,"href":"https:\/\/www.newsrecorder.ro\/app\/wp-json\/wp\/v2\/categories?post=14575"},{"taxonomy":"post_tag","embeddable":true,"href":"https:\/\/www.newsrecorder.ro\/app\/wp-json\/wp\/v2\/tags?post=14575"}],"curies":[{"name":"wp","href":"https:\/\/api.w.org\/{rel}","templated":true}]}}