{"id":1461,"date":"2026-02-03T15:39:35","date_gmt":"2026-02-03T15:39:35","guid":{"rendered":"https:\/\/www.newsrecorder.ro\/app\/2026\/02\/03\/eugen-tomac-discuta-cu-ministrul-de-externe-despre-romanii-fara-acte\/"},"modified":"2026-02-03T15:39:35","modified_gmt":"2026-02-03T15:39:35","slug":"eugen-tomac-discuta-cu-ministrul-de-externe-despre-romanii-fara-acte","status":"publish","type":"post","link":"https:\/\/www.newsrecorder.ro\/app\/2026\/02\/03\/eugen-tomac-discuta-cu-ministrul-de-externe-despre-romanii-fara-acte\/","title":{"rendered":"Eugen Tomac discut\u0103 cu ministrul de Externe despre rom\u00e2nii f\u0103r\u0103 acte"},"content":{"rendered":"<p>Eugen Tomac a avut recent o \u00eent\u00e2lnire la Bruxelles cu Mihai Pop\u0219oi, ministrul Afacerilor Externe al Republicii Moldova, pentru a discuta subiecte de interes comun, \u00een special situa\u021bia rom\u00e2nilor din Republica Moldova.<\/p>\n<p>Un aspect central al conversa\u021biei a fost problema cet\u0103\u021benilor rom\u00e2ni din Republica Moldova, a c\u0103ror identitate a fost afectat\u0103 de noile reglement\u0103ri privind domiciliul \u00een Rom\u00e2nia. Tomac a declarat: \u201eUn punct important al dialogului nostru a vizat situa\u021bia cet\u0103\u021benilor rom\u00e2ni din Republica Moldova ale c\u0103ror c\u0103r\u021bi de identitate au fost anulate. Cunosc bine aceast\u0103 problem\u0103 \u0219i o urm\u0103resc \u00eendeaproape de c\u00e2teva luni. Vreau s\u0103 \u00eei asigur pe to\u021bi cei care \u0219i-au redob\u00e2ndit cet\u0103\u021benia cu bun\u0103-credin\u021b\u0103 c\u0103 lucr\u0103m, \u00eempreun\u0103 cu colegii din Guvern, pentru a g\u0103si cea mai bun\u0103 solu\u021bie care s\u0103 deblocheze aceast\u0103 situa\u021bie c\u00e2t mai rapid.\u201d<\/p>\n<p>\u00cen cadrul discu\u021biei, cei doi oficiali au abordat \u0219i modalit\u0103\u021bile de sprijin pentru accelerarea parcursului european al Republicii Moldova. Tomac s-a ar\u0103tat optimist, afirm\u00e2nd: \u201eM-am bucurat s\u0103 aflu c\u0103 negocierile decurg foarte bine, iar autorit\u0103\u021bile de la Chi\u0219in\u0103u avanseaz\u0103 pe toate planurile, un rezultat remarcabil \u00een contextul actual.\u201d<\/p>\n<p>De asemenea, s-a pus accent pe importan\u021ba extinderii proiectelor comune de infrastructur\u0103, Tomac subliniind: \u201eInvesti\u021biile \u00een transport, energie \u0219i conectivitate transfrontalier\u0103 sunt esen\u021biale nu doar pentru dezvoltarea economic\u0103, ci \u0219i pentru apropierea fireasc\u0103 a celor dou\u0103 maluri ale Prutului, facilit\u00e2nd integrarea Republicii Moldova \u00een spa\u021biul european.\u201d<\/p>\n","protected":false},"excerpt":{"rendered":"<p>Eugen Tomac a avut recent o \u00eent\u00e2lnire la Bruxelles cu Mihai Pop\u0219oi, ministrul Afacerilor Externe al Republicii Moldova, pentru a discuta subiecte de interes comun, \u00een special situa\u021bia rom\u00e2nilor din Republica Moldova. Un aspect central al conversa\u021biei a fost problema cet\u0103\u021benilor rom\u00e2ni din Republica Moldova, a c\u0103ror identitate a fost afectat\u0103 de noile reglement\u0103ri privind [&hellip;]<\/p>\n","protected":false},"author":2,"featured_media":1462,"comment_status":"open","ping_status":"open","sticky":false,"template":"","format":"standard","meta":{"jnews-multi-image_gallery":[],"jnews_single_post":[],"jnews_primary_category":[],"jnews_override_counter":[],"footnotes":""},"categories":[42],"tags":[2587,311,2582,2584,2583,2585,285,2586],"class_list":["post-1461","post","type-post","status-publish","format-standard","has-post-thumbnail","hentry","category-politica","tag-bruxelles","tag-cetatenie-romana","tag-eugen-tomac","tag-identitate","tag-mihai-popsoi","tag-reglementari","tag-republica-moldova","tag-sprijin"],"_links":{"self":[{"href":"https:\/\/www.newsrecorder.ro\/app\/wp-json\/wp\/v2\/posts\/1461","targetHints":{"allow":["GET"]}}],"collection":[{"href":"https:\/\/www.newsrecorder.ro\/app\/wp-json\/wp\/v2\/posts"}],"about":[{"href":"https:\/\/www.newsrecorder.ro\/app\/wp-json\/wp\/v2\/types\/post"}],"author":[{"embeddable":true,"href":"https:\/\/www.newsrecorder.ro\/app\/wp-json\/wp\/v2\/users\/2"}],"replies":[{"embeddable":true,"href":"https:\/\/www.newsrecorder.ro\/app\/wp-json\/wp\/v2\/comments?post=1461"}],"version-history":[{"count":0,"href":"https:\/\/www.newsrecorder.ro\/app\/wp-json\/wp\/v2\/posts\/1461\/revisions"}],"wp:featuredmedia":[{"embeddable":true,"href":"https:\/\/www.newsrecorder.ro\/app\/wp-json\/wp\/v2\/media\/1462"}],"wp:attachment":[{"href":"https:\/\/www.newsrecorder.ro\/app\/wp-json\/wp\/v2\/media?parent=1461"}],"wp:term":[{"taxonomy":"category","embeddable":true,"href":"https:\/\/www.newsrecorder.ro\/app\/wp-json\/wp\/v2\/categories?post=1461"},{"taxonomy":"post_tag","embeddable":true,"href":"https:\/\/www.newsrecorder.ro\/app\/wp-json\/wp\/v2\/tags?post=1461"}],"curies":[{"name":"wp","href":"https:\/\/api.w.org\/{rel}","templated":true}]}}