{"id":14615,"date":"2026-04-19T20:49:23","date_gmt":"2026-04-19T20:49:23","guid":{"rendered":"https:\/\/www.newsrecorder.ro\/app\/2026\/04\/19\/trump-convoaca-oficialii-in-criza-din-stramtoarea-ormuz\/"},"modified":"2026-04-19T20:49:23","modified_gmt":"2026-04-19T20:49:23","slug":"trump-convoaca-oficialii-in-criza-din-stramtoarea-ormuz","status":"publish","type":"post","link":"https:\/\/www.newsrecorder.ro\/app\/2026\/04\/19\/trump-convoaca-oficialii-in-criza-din-stramtoarea-ormuz\/","title":{"rendered":"Trump convoac\u0103 oficialii \u00een criza din Str\u00e2mtoarea Ormuz!"},"content":{"rendered":"<p>Pre\u0219edintele Statelor Unite, Donald Trump, a convocat o \u0219edin\u021b\u0103 crucial\u0103 pentru a discuta ultimele evolu\u021bii din Orientul Mijlociu, conform informa\u021biilor furnizate de <a href=\"https:\/\/www.axios.com\/2026\/04\/18\/iran-trump-white-house-hormuz\" target=\"_blank\" rel=\"noopener\">Axios<\/a>, care citeaz\u0103 doi oficiali americani ce au preferat s\u0103 r\u0103m\u00e2n\u0103 anonimi.<\/p>\n<p>Printre participan\u021bii la aceast\u0103 \u00eent\u00e2lnire s-au num\u0103rat vicepre\u0219edintele JD Vance, secretarul de stat Marco Rubio, secretarul Ap\u0103r\u0103rii Pete Hegseth \u0219i secretarul Trezoreriei Scott Bessent. Discu\u021biile au fost, de asemenea, sus\u021binute de mai mul\u021bi lideri ai armatei \u0219i ai CIA.<\/p>\n<p>Situa\u021bia din Iran se afl\u0103 \u00eentr-un moment critic, av\u00e2nd \u00een vedere escaladarea tensiunilor din ultimele ore. \u00cen plus, acordul de \u00eencetare a focului urmeaz\u0103 s\u0103 expire \u00een doar trei zile, iar o nou\u0103 \u00eent\u00e2lnire \u00eentre negociatorii americani \u0219i cei iranieni nu a fost \u00eenc\u0103 stabilit\u0103. Un oficial american a avertizat c\u0103, \u00een absen\u021ba unei solu\u021bii rapide, r\u0103zboiul ar putea re\u00eencepe \u00een c\u00e2teva zile.<\/p>\n<p>\u00cen acest context, \u00eenchiderea str\u00e2mtorii Ormuz \u0219i atacurile asupra unor nave au avut loc la doar 24 de ore dup\u0103 ce Trump a anun\u021bat c\u0103 acordul de pace este aproape finalizat \u0219i c\u0103 traficul maritim va fi permis f\u0103r\u0103 restric\u021bii.<\/p>\n","protected":false},"excerpt":{"rendered":"<p>Pre\u0219edintele Statelor Unite, Donald Trump, a convocat o \u0219edin\u021b\u0103 crucial\u0103 pentru a discuta ultimele evolu\u021bii din Orientul Mijlociu, conform informa\u021biilor furnizate de Axios, care citeaz\u0103 doi oficiali americani ce au preferat s\u0103 r\u0103m\u00e2n\u0103 anonimi. Printre participan\u021bii la aceast\u0103 \u00eent\u00e2lnire s-au num\u0103rat vicepre\u0219edintele JD Vance, secretarul de stat Marco Rubio, secretarul Ap\u0103r\u0103rii Pete Hegseth \u0219i secretarul [&hellip;]<\/p>\n","protected":false},"author":2,"featured_media":14616,"comment_status":"open","ping_status":"open","sticky":false,"template":"","format":"standard","meta":{"jnews-multi-image_gallery":[],"jnews_single_post":[],"jnews_primary_category":[],"jnews_override_counter":[],"footnotes":""},"categories":[42],"tags":[15558,913,17155,686,2211,915,1357,1735],"class_list":["post-14615","post","type-post","status-publish","format-standard","has-post-thumbnail","hentry","category-politica","tag-acord-de-incetare-a-focului","tag-iran","tag-lideri-ai-armatei","tag-negocieri","tag-orientul-mijlociu","tag-razboi","tag-tensiuni","tag-trump"],"_links":{"self":[{"href":"https:\/\/www.newsrecorder.ro\/app\/wp-json\/wp\/v2\/posts\/14615","targetHints":{"allow":["GET"]}}],"collection":[{"href":"https:\/\/www.newsrecorder.ro\/app\/wp-json\/wp\/v2\/posts"}],"about":[{"href":"https:\/\/www.newsrecorder.ro\/app\/wp-json\/wp\/v2\/types\/post"}],"author":[{"embeddable":true,"href":"https:\/\/www.newsrecorder.ro\/app\/wp-json\/wp\/v2\/users\/2"}],"replies":[{"embeddable":true,"href":"https:\/\/www.newsrecorder.ro\/app\/wp-json\/wp\/v2\/comments?post=14615"}],"version-history":[{"count":0,"href":"https:\/\/www.newsrecorder.ro\/app\/wp-json\/wp\/v2\/posts\/14615\/revisions"}],"wp:featuredmedia":[{"embeddable":true,"href":"https:\/\/www.newsrecorder.ro\/app\/wp-json\/wp\/v2\/media\/14616"}],"wp:attachment":[{"href":"https:\/\/www.newsrecorder.ro\/app\/wp-json\/wp\/v2\/media?parent=14615"}],"wp:term":[{"taxonomy":"category","embeddable":true,"href":"https:\/\/www.newsrecorder.ro\/app\/wp-json\/wp\/v2\/categories?post=14615"},{"taxonomy":"post_tag","embeddable":true,"href":"https:\/\/www.newsrecorder.ro\/app\/wp-json\/wp\/v2\/tags?post=14615"}],"curies":[{"name":"wp","href":"https:\/\/api.w.org\/{rel}","templated":true}]}}