{"id":14627,"date":"2026-04-19T22:01:37","date_gmt":"2026-04-19T22:01:37","guid":{"rendered":"https:\/\/www.newsrecorder.ro\/app\/2026\/04\/19\/demisia-sefului-politiei-din-ucraina-dupa-fuga-a-doi-ofiteri-in-atac\/"},"modified":"2026-04-19T22:01:37","modified_gmt":"2026-04-19T22:01:37","slug":"demisia-sefului-politiei-din-ucraina-dupa-fuga-a-doi-ofiteri-in-atac","status":"publish","type":"post","link":"https:\/\/www.newsrecorder.ro\/app\/2026\/04\/19\/demisia-sefului-politiei-din-ucraina-dupa-fuga-a-doi-ofiteri-in-atac\/","title":{"rendered":"Demisia \u0219efului poli\u021biei din Ucraina dup\u0103 fuga a doi ofi\u021beri \u00een atac!"},"content":{"rendered":"<p>Tragedia a lovit s\u00e2mb\u0103t\u0103 sudul capitalei Ucrainei, Kiev, c\u00e2nd un individ a deschis focul asupra trec\u0103torilor din cartierul Holosiivskyi, provoc\u00e2nd moartea a \u0219ase persoane \u0219i r\u0103nirea altor 14. Incidentul a escaladat rapid, duc\u00e2nd la luarea de ostatici \u00eentr-un supermarket din apropiere. Autorul atacului a fost, \u00een final, ucis \u00een timpul unui schimb de focuri cu for\u021bele de ordine.<\/p>\n<p>Imediat dup\u0103 evenimentele violente, au ap\u0103rut pe re\u021belele sociale imagini care surprind momentul \u00een care ofi\u021berii de poli\u021bie par s\u0103 abandoneze civilii \u0219i s\u0103 se retrag\u0103 din zona de conflict, conform raport\u0103rilor de la <a href=\"https:\/\/www.bbc.com\/news\/articles\/c8ejn778j4do\" target=\"_blank\" rel=\"noopener\">BBC<\/a>.<\/p>\n<p>Ministrul de Interne al Ucrainei, Igor Kl\u00eemenko, a anun\u021bat c\u0103 poli\u021bi\u0219tii implica\u021bi au fost suspenda\u021bi, iar o anchet\u0103 este \u00een curs de desf\u0103\u0219urare pentru a evalua ac\u021biunile acestora. \u201e\u00abServi\u021bi \u0219i proteja\u021bi\u00bb nu este doar un slogan. Trebuie s\u0103 fie sus\u021binut de ac\u021biuni profesionale adecvate, mai ales \u00een momente critice, c\u00e2nd via\u021ba oamenilor depinde de acestea\u201d, a subliniat Kl\u00eemenko pe platforma Telegram.<\/p>\n<p>Cu toate acestea, el a fost precaut \u00een a nu judeca \u00eentreaga institu\u021bie pe baza comportamentului a dou\u0103 persoane: \u201eNu este complet corect s\u0103 facem generaliz\u0103ri despre \u00eentreaga poli\u021bie doar pe baza ac\u021biunilor a doi angaja\u021bi\u201d, a ad\u0103ugat acesta.<\/p>\n<p>\u00centr-o conferin\u021b\u0103 de pres\u0103 desf\u0103\u0219urat\u0103 duminic\u0103, Jukov, un oficial de rang \u00eenalt, a declarat c\u0103 ofi\u021berii \u201enu au evaluat corect situa\u021bia \u0219i au pus civilii \u00een pericol\u201d. El a criticat comportamentul acestora, catalog\u00e2ndu-l drept \u201eneprofesionist \u0219i nedemn\u201d. Ca urmare a acestor evenimente, Jukov a decis s\u0103 \u00ee\u0219i prezinte demisia din func\u021bia pe care o ocupa. <\/p>\n","protected":false},"excerpt":{"rendered":"<p>Tragedia a lovit s\u00e2mb\u0103t\u0103 sudul capitalei Ucrainei, Kiev, c\u00e2nd un individ a deschis focul asupra trec\u0103torilor din cartierul Holosiivskyi, provoc\u00e2nd moartea a \u0219ase persoane \u0219i r\u0103nirea altor 14. Incidentul a escaladat rapid, duc\u00e2nd la luarea de ostatici \u00eentr-un supermarket din apropiere. Autorul atacului a fost, \u00een final, ucis \u00een timpul unui schimb de focuri cu [&hellip;]<\/p>\n","protected":false},"author":2,"featured_media":14628,"comment_status":"open","ping_status":"open","sticky":false,"template":"","format":"standard","meta":{"jnews-multi-image_gallery":[],"jnews_single_post":[],"jnews_primary_category":[],"jnews_override_counter":[],"footnotes":""},"categories":[41],"tags":[914,17159,1079,920,4448,505,1304,2093],"class_list":["post-14627","post","type-post","status-publish","format-standard","has-post-thumbnail","hentry","category-externe","tag-atac","tag-holosiivskyi","tag-investigatie","tag-kiev","tag-ostatici","tag-politie","tag-tragedie","tag-violenta"],"_links":{"self":[{"href":"https:\/\/www.newsrecorder.ro\/app\/wp-json\/wp\/v2\/posts\/14627","targetHints":{"allow":["GET"]}}],"collection":[{"href":"https:\/\/www.newsrecorder.ro\/app\/wp-json\/wp\/v2\/posts"}],"about":[{"href":"https:\/\/www.newsrecorder.ro\/app\/wp-json\/wp\/v2\/types\/post"}],"author":[{"embeddable":true,"href":"https:\/\/www.newsrecorder.ro\/app\/wp-json\/wp\/v2\/users\/2"}],"replies":[{"embeddable":true,"href":"https:\/\/www.newsrecorder.ro\/app\/wp-json\/wp\/v2\/comments?post=14627"}],"version-history":[{"count":0,"href":"https:\/\/www.newsrecorder.ro\/app\/wp-json\/wp\/v2\/posts\/14627\/revisions"}],"wp:featuredmedia":[{"embeddable":true,"href":"https:\/\/www.newsrecorder.ro\/app\/wp-json\/wp\/v2\/media\/14628"}],"wp:attachment":[{"href":"https:\/\/www.newsrecorder.ro\/app\/wp-json\/wp\/v2\/media?parent=14627"}],"wp:term":[{"taxonomy":"category","embeddable":true,"href":"https:\/\/www.newsrecorder.ro\/app\/wp-json\/wp\/v2\/categories?post=14627"},{"taxonomy":"post_tag","embeddable":true,"href":"https:\/\/www.newsrecorder.ro\/app\/wp-json\/wp\/v2\/tags?post=14627"}],"curies":[{"name":"wp","href":"https:\/\/api.w.org\/{rel}","templated":true}]}}