{"id":14633,"date":"2026-04-19T22:02:33","date_gmt":"2026-04-19T22:02:33","guid":{"rendered":"https:\/\/www.newsrecorder.ro\/app\/2026\/04\/19\/fostul-presedinte-prorus-din-bulgaria-conduce-clar-in-alegeri\/"},"modified":"2026-04-19T22:02:33","modified_gmt":"2026-04-19T22:02:33","slug":"fostul-presedinte-prorus-din-bulgaria-conduce-clar-in-alegeri","status":"publish","type":"post","link":"https:\/\/www.newsrecorder.ro\/app\/2026\/04\/19\/fostul-presedinte-prorus-din-bulgaria-conduce-clar-in-alegeri\/","title":{"rendered":"Fostul pre\u0219edinte prorus din Bulgaria conduce clar \u00een alegeri!"},"content":{"rendered":"<p>Fostul pre\u0219edinte bulgar Rumen Radev, cunoscut pentru leg\u0103turile sale cu Rusia, se afl\u0103 \u00een fa\u021ba unei victorii \u00een alegerile parlamentare care au avut loc duminic\u0103. Totu\u0219i, este pu\u021bin probabil s\u0103 reu\u0219easc\u0103 s\u0103 formeze o majoritate guvernamental\u0103 pe cont propriu, conform informa\u021biilor furnizate de agen\u021biile Reuters \u0219i POLITICO.<\/p>\n<p>Mi\u0219carea Bulgaria Progresist\u0103, partidul recent \u00eenfiin\u021bat de Radev, se preconizeaz\u0103 c\u0103 va ob\u021bine aproape 40% din voturi, conform sondajelor efectuate la ie\u0219irea de la urne, difuzate de televiziunea bulgar\u0103. Agen\u021bia de sondaje Market Links estimeaz\u0103 c\u0103 partidul s\u0103u va c\u00e2\u0219tiga 38,9%, \u00een timp ce Alpha Research anticipeaz\u0103 un rezultat de 37,5%.<\/p>\n<p>Aceste rezultate plaseaz\u0103 Mi\u0219carea Bulgaria Progresist\u0103 pe primul loc, av\u00e2nd un sprijin de peste dou\u0103 ori mai mare dec\u00e2t cel al rivalilor s\u0103i. Cu toate acestea, acest procentaj nu este suficient pentru a forma un guvern f\u0103r\u0103 a colabora cu al\u021bi parteneri de coali\u021bie.<\/p>\n<p>Rumen Radev, fost pilot de v\u00e2n\u0103toare, s-a eviden\u021biat prin pozi\u021bii eurosceptice \u0219i prin criticile aduse sprijinului militar oferit Ucrainei \u00een contextul r\u0103zboiului cu Rusia. El a demisionat din func\u021bia de pre\u0219edinte \u00een ianuarie pentru a se al\u0103tura competi\u021biei electorale, care a fost convocat\u0103 dup\u0103 ce protestele masive au condus la c\u0103derea guvernului \u00een decembrie.<\/p>\n<p>Aceasta reprezint\u0103 al optulea scrutin electoral organizat \u00een ultimii cinci ani \u00een Bulgaria, o \u021bar\u0103 cu aproximativ 6,5 milioane de locuitori, unde aleg\u0103torii devin tot mai frustra\u021bi din cauza alegerilor anticipate repetate \u0219i de clasa politic\u0103 tradi\u021bional\u0103, adesea perceput\u0103 ca fiind corupt\u0103, conform celor de la Reuters.<\/p>\n","protected":false},"excerpt":{"rendered":"<p>Fostul pre\u0219edinte bulgar Rumen Radev, cunoscut pentru leg\u0103turile sale cu Rusia, se afl\u0103 \u00een fa\u021ba unei victorii \u00een alegerile parlamentare care au avut loc duminic\u0103. Totu\u0219i, este pu\u021bin probabil s\u0103 reu\u0219easc\u0103 s\u0103 formeze o majoritate guvernamental\u0103 pe cont propriu, conform informa\u021biilor furnizate de agen\u021biile Reuters \u0219i POLITICO. Mi\u0219carea Bulgaria Progresist\u0103, partidul recent \u00eenfiin\u021bat de Radev, [&hellip;]<\/p>\n","protected":false},"author":2,"featured_media":14634,"comment_status":"open","ping_status":"open","sticky":false,"template":"","format":"standard","meta":{"jnews-multi-image_gallery":[],"jnews_single_post":[],"jnews_primary_category":[],"jnews_override_counter":[],"footnotes":""},"categories":[41],"tags":[3160,1922,636,17167,17168,3431,9056,1340],"class_list":["post-14633","post","type-post","status-publish","format-standard","has-post-thumbnail","hentry","category-externe","tag-alegeri-parlamentare","tag-bulgaria","tag-coalitie","tag-majoritate-guvernamentala","tag-miscarea-bulgaria-progresista","tag-partide-politice","tag-rumen-radev","tag-sondaje"],"_links":{"self":[{"href":"https:\/\/www.newsrecorder.ro\/app\/wp-json\/wp\/v2\/posts\/14633","targetHints":{"allow":["GET"]}}],"collection":[{"href":"https:\/\/www.newsrecorder.ro\/app\/wp-json\/wp\/v2\/posts"}],"about":[{"href":"https:\/\/www.newsrecorder.ro\/app\/wp-json\/wp\/v2\/types\/post"}],"author":[{"embeddable":true,"href":"https:\/\/www.newsrecorder.ro\/app\/wp-json\/wp\/v2\/users\/2"}],"replies":[{"embeddable":true,"href":"https:\/\/www.newsrecorder.ro\/app\/wp-json\/wp\/v2\/comments?post=14633"}],"version-history":[{"count":0,"href":"https:\/\/www.newsrecorder.ro\/app\/wp-json\/wp\/v2\/posts\/14633\/revisions"}],"wp:featuredmedia":[{"embeddable":true,"href":"https:\/\/www.newsrecorder.ro\/app\/wp-json\/wp\/v2\/media\/14634"}],"wp:attachment":[{"href":"https:\/\/www.newsrecorder.ro\/app\/wp-json\/wp\/v2\/media?parent=14633"}],"wp:term":[{"taxonomy":"category","embeddable":true,"href":"https:\/\/www.newsrecorder.ro\/app\/wp-json\/wp\/v2\/categories?post=14633"},{"taxonomy":"post_tag","embeddable":true,"href":"https:\/\/www.newsrecorder.ro\/app\/wp-json\/wp\/v2\/tags?post=14633"}],"curies":[{"name":"wp","href":"https:\/\/api.w.org\/{rel}","templated":true}]}}