{"id":14637,"date":"2026-04-19T22:03:11","date_gmt":"2026-04-19T22:03:11","guid":{"rendered":"https:\/\/www.newsrecorder.ro\/app\/2026\/04\/19\/israelul-dezvaluie-harta-teritoriilor-din-sudul-libanului-controlate-militar\/"},"modified":"2026-04-19T22:03:11","modified_gmt":"2026-04-19T22:03:11","slug":"israelul-dezvaluie-harta-teritoriilor-din-sudul-libanului-controlate-militar","status":"publish","type":"post","link":"https:\/\/www.newsrecorder.ro\/app\/2026\/04\/19\/israelul-dezvaluie-harta-teritoriilor-din-sudul-libanului-controlate-militar\/","title":{"rendered":"Israelul dezv\u0103luie harta teritoriilor din sudul Libanului controlate militar"},"content":{"rendered":"<p>Nu au fost \u00eenregistrate reac\u021bii imediate din partea oficialilor libanezi sau a grupului Hezbollah, sus\u021binut de Iran, dup\u0103 ce Israelul \u0219i Libanul au convenit, joi, asupra unui armisti\u021biu, sprijinit de Statele Unite, \u00een cadrul conflictului dintre cele dou\u0103 p\u0103r\u021bi, conform <a href=\"https:\/\/www.reuters.com\/world\/middle-east\/israeli-military-publishes-map-south-lebanon-territory-under-its-control-2026-04-19\/\" target=\"_blank\" rel=\"noopener\">Reuters<\/a>.<\/p>\n<p>Acordul a fost realizat \u00een urma primelor discu\u021bii directe dintre Israel \u0219i Liban din ultimele decenii, care au avut loc pe 14 aprilie. Scopul acestuia este de a facilita negocieri mai ample \u00eentre SUA \u0219i Iran, \u00een timp ce for\u021bele israeliene \u00ee\u0219i men\u021bin pozi\u021biile ad\u00e2nc \u00een teritoriul sudic al Libanului.<\/p>\n<p>Conform h\u0103r\u021bii publicate, linia de desf\u0103\u0219urare se \u00eentinde de la est la vest pe o distan\u021b\u0103 de 5-10 km de la grani\u021b\u0103 \u00een interiorul Libanului, unde Israelul a anun\u021bat planuri de a crea o zon\u0103 tampon.<\/p>\n<p>\u00cen acest context, for\u021bele israeliene au distrus sate libaneze din regiune, sus\u021bin\u00e2nd c\u0103 obiectivul lor este de a proteja ora\u0219ele din nordul Israelului de atacurile Hezbollah. De asemenea, Israelul a instituit zone tampon \u00een Siria \u0219i Gaza, unde de\u021bine controlul asupra unei p\u0103r\u021bi semnificative din teritoriu.<\/p>\n<p>\u201eCinci divizii, \u00eempreun\u0103 cu for\u021bele marinei israeliene, desf\u0103\u0219oar\u0103 opera\u021biuni simultane \u00een sudul Libanului, \u00een spatele liniei de ap\u0103rare avansat\u0103, pentru a distruge infrastructura terorist\u0103 a Hezbollah \u0219i a preveni amenin\u021b\u0103rile directe la adresa comunit\u0103\u021bilor din nordul Israelului\u201d, a declarat armata israelian\u0103 \u00eentr-un comunicat \u00eenso\u021bit de hart\u0103.<\/p>\n<p>C\u00e2nd a fost \u00eentrebat\u0103 dac\u0103 persoanele care au fugit din fa\u021ba atacurilor israeliene vor putea s\u0103 se \u00eentoarc\u0103 acas\u0103, armata israelian\u0103 a refuzat s\u0103 ofere detalii.<\/p>\n<p>Surse din cadrul serviciilor de securitate libaneze au raportat c\u0103 civilii libanezi au avut acces la unele sate situate pe sau dincolo de linia stabilit\u0103 de Israel, \u00eens\u0103 for\u021bele israeliene continu\u0103 s\u0103 restric\u021bioneze accesul majorit\u0103\u021bii popula\u021biei la satele aflate la sud de acea linie.<\/p>\n<p>Ministrul israelian al Ap\u0103r\u0103rii, Israel Katz, a anun\u021bat duminic\u0103 c\u0103 locuin\u021bele de la grani\u021b\u0103 folosite de Hezbollah vor fi demolat\u0103 \u0219i a subliniat c\u0103 \u201eorice structur\u0103 care amenin\u021b\u0103 solda\u021bii no\u0219tri \u0219i orice drum suspectat de a fi minat cu explozibili trebuie distrus imediat\u201d.<\/p>\n<p>Conflictul a escaladat pe 2 martie, c\u00e2nd Hezbollah a deschis focul \u00een sprijinul Teheranului, provoc\u00e2nd o reac\u021bie militar\u0103 israelian\u0103 care a dus la moartea a peste 2.100 de persoane, inclusiv 177 de copii, conform autorit\u0103\u021bilor libaneze. De asemenea, peste 1,2 milioane de oameni au fost for\u021ba\u021bi s\u0103 fug\u0103 din calea violen\u021bei.<\/p>\n<p>Hezbollah nu a f\u0103cut publice cifrele referitoare la victimele sale, \u00eens\u0103 surse apropiate grup\u0103rii indic\u0103 faptul c\u0103 cel pu\u021bin 400 de lupt\u0103tori ai s\u0103i au fost uci\u0219i p\u00e2n\u0103 la sf\u00e2r\u0219itul lunii martie. Grupul a lansat sute de rachete \u0219i drone c\u0103tre Israel, provoc\u00e2nd moartea a doi civili israelieni, \u00een timp ce 15 solda\u021bi israelieni au fost uci\u0219i \u00een Liban de la \u00eenceputul conflictului.<\/p>\n","protected":false},"excerpt":{"rendered":"<p>Nu au fost \u00eenregistrate reac\u021bii imediate din partea oficialilor libanezi sau a grupului Hezbollah, sus\u021binut de Iran, dup\u0103 ce Israelul \u0219i Libanul au convenit, joi, asupra unui armisti\u021biu, sprijinit de Statele Unite, \u00een cadrul conflictului dintre cele dou\u0103 p\u0103r\u021bi, conform Reuters. Acordul a fost realizat \u00een urma primelor discu\u021bii directe dintre Israel \u0219i Liban din [&hellip;]<\/p>\n","protected":false},"author":2,"featured_media":14638,"comment_status":"open","ping_status":"open","sticky":false,"template":"","format":"standard","meta":{"jnews-multi-image_gallery":[],"jnews_single_post":[],"jnews_primary_category":[],"jnews_override_counter":[],"footnotes":""},"categories":[41],"tags":[2209,684,2185,913,268,2183,686,685],"class_list":["post-14637","post","type-post","status-publish","format-standard","has-post-thumbnail","hentry","category-externe","tag-armistitiu","tag-conflict","tag-hezbollah","tag-iran","tag-israel","tag-liban","tag-negocieri","tag-teritoriu"],"_links":{"self":[{"href":"https:\/\/www.newsrecorder.ro\/app\/wp-json\/wp\/v2\/posts\/14637","targetHints":{"allow":["GET"]}}],"collection":[{"href":"https:\/\/www.newsrecorder.ro\/app\/wp-json\/wp\/v2\/posts"}],"about":[{"href":"https:\/\/www.newsrecorder.ro\/app\/wp-json\/wp\/v2\/types\/post"}],"author":[{"embeddable":true,"href":"https:\/\/www.newsrecorder.ro\/app\/wp-json\/wp\/v2\/users\/2"}],"replies":[{"embeddable":true,"href":"https:\/\/www.newsrecorder.ro\/app\/wp-json\/wp\/v2\/comments?post=14637"}],"version-history":[{"count":0,"href":"https:\/\/www.newsrecorder.ro\/app\/wp-json\/wp\/v2\/posts\/14637\/revisions"}],"wp:featuredmedia":[{"embeddable":true,"href":"https:\/\/www.newsrecorder.ro\/app\/wp-json\/wp\/v2\/media\/14638"}],"wp:attachment":[{"href":"https:\/\/www.newsrecorder.ro\/app\/wp-json\/wp\/v2\/media?parent=14637"}],"wp:term":[{"taxonomy":"category","embeddable":true,"href":"https:\/\/www.newsrecorder.ro\/app\/wp-json\/wp\/v2\/categories?post=14637"},{"taxonomy":"post_tag","embeddable":true,"href":"https:\/\/www.newsrecorder.ro\/app\/wp-json\/wp\/v2\/tags?post=14637"}],"curies":[{"name":"wp","href":"https:\/\/api.w.org\/{rel}","templated":true}]}}