{"id":14663,"date":"2026-04-20T00:12:24","date_gmt":"2026-04-20T00:12:24","guid":{"rendered":"https:\/\/www.newsrecorder.ro\/app\/2026\/04\/20\/ciprian-ciucu-ce-va-lasa-in-urma-dupa-mandatul-de-primar\/"},"modified":"2026-04-20T00:12:24","modified_gmt":"2026-04-20T00:12:24","slug":"ciprian-ciucu-ce-va-lasa-in-urma-dupa-mandatul-de-primar","status":"publish","type":"post","link":"https:\/\/www.newsrecorder.ro\/app\/2026\/04\/20\/ciprian-ciucu-ce-va-lasa-in-urma-dupa-mandatul-de-primar\/","title":{"rendered":"Ciprian Ciucu: Ce va l\u0103sa \u00een urm\u0103 dup\u0103 mandatul de primar?"},"content":{"rendered":"<p>\u201eDup\u0103 ce voi pleca, nu voi mai avea nicio responsabilitate, dar este esen\u021bial s\u0103 las ceva valoros \u00een urma mea\u201d, a declarat primarul Ciucu.<\/p>\n<p>Acesta a subliniat dorin\u021ba sa de a \u201ecre\u0219te o genera\u021bie de politicieni competen\u021bi \u0219i integri, care s\u0103 continue un model administrativ pozitiv\u201d.<\/p>\n<p>Ciucu a subliniat importan\u021ba de a fi preocupat de viitorul celor care vor prelua conducerea. \u201eE\u0219ti responsabil nu doar pentru ceea ce se \u00eent\u00e2mpl\u0103 \u00een timpul mandatului t\u0103u, ci \u0219i pentru ceea ce se va \u00eent\u00e2mpla dup\u0103\u201d, a ad\u0103ugat el, men\u021bion\u00e2nd c\u0103 a aplicat aceea\u0219i filosofie \u0219i \u00een timpul mandatului s\u0103u la Sectorul 6.<\/p>\n<p>Primarul a accentuat c\u0103 miza nu const\u0103 doar \u00een ob\u021binerea unor rezultate pe termen scurt, ci \u0219i \u00een asigurarea continuit\u0103\u021bii. \u201eEste important s\u0103 ai un impact pe termen lung, nu doar \u00een perioada \u00een care te afli \u00een func\u021bie\u201d, a \u00eencheiat Ciucu.<\/p>\n","protected":false},"excerpt":{"rendered":"<p>\u201eDup\u0103 ce voi pleca, nu voi mai avea nicio responsabilitate, dar este esen\u021bial s\u0103 las ceva valoros \u00een urma mea\u201d, a declarat primarul Ciucu. Acesta a subliniat dorin\u021ba sa de a \u201ecre\u0219te o genera\u021bie de politicieni competen\u021bi \u0219i integri, care s\u0103 continue un model administrativ pozitiv\u201d. Ciucu a subliniat importan\u021ba de a fi preocupat de [&hellip;]<\/p>\n","protected":false},"author":2,"featured_media":14664,"comment_status":"open","ping_status":"open","sticky":false,"template":"","format":"standard","meta":{"jnews-multi-image_gallery":[],"jnews_single_post":[],"jnews_primary_category":[],"jnews_override_counter":[],"footnotes":""},"categories":[42],"tags":[6824,2467,17192,17190,17189,1045,319,17191],"class_list":["post-14663","post","type-post","status-publish","format-standard","has-post-thumbnail","hentry","category-politica","tag-ciucu","tag-continuitate","tag-impact-pe-termen-lung","tag-model-administrativ","tag-politicieni-competenti","tag-primar","tag-responsabilitate","tag-viitor"],"_links":{"self":[{"href":"https:\/\/www.newsrecorder.ro\/app\/wp-json\/wp\/v2\/posts\/14663","targetHints":{"allow":["GET"]}}],"collection":[{"href":"https:\/\/www.newsrecorder.ro\/app\/wp-json\/wp\/v2\/posts"}],"about":[{"href":"https:\/\/www.newsrecorder.ro\/app\/wp-json\/wp\/v2\/types\/post"}],"author":[{"embeddable":true,"href":"https:\/\/www.newsrecorder.ro\/app\/wp-json\/wp\/v2\/users\/2"}],"replies":[{"embeddable":true,"href":"https:\/\/www.newsrecorder.ro\/app\/wp-json\/wp\/v2\/comments?post=14663"}],"version-history":[{"count":0,"href":"https:\/\/www.newsrecorder.ro\/app\/wp-json\/wp\/v2\/posts\/14663\/revisions"}],"wp:featuredmedia":[{"embeddable":true,"href":"https:\/\/www.newsrecorder.ro\/app\/wp-json\/wp\/v2\/media\/14664"}],"wp:attachment":[{"href":"https:\/\/www.newsrecorder.ro\/app\/wp-json\/wp\/v2\/media?parent=14663"}],"wp:term":[{"taxonomy":"category","embeddable":true,"href":"https:\/\/www.newsrecorder.ro\/app\/wp-json\/wp\/v2\/categories?post=14663"},{"taxonomy":"post_tag","embeddable":true,"href":"https:\/\/www.newsrecorder.ro\/app\/wp-json\/wp\/v2\/tags?post=14663"}],"curies":[{"name":"wp","href":"https:\/\/api.w.org\/{rel}","templated":true}]}}