{"id":14665,"date":"2026-04-20T00:12:39","date_gmt":"2026-04-20T00:12:39","guid":{"rendered":"https:\/\/www.newsrecorder.ro\/app\/2026\/04\/20\/ilie-bolojan-nu-demisionez-din-functia-de-premier-indiferent-de-psd\/"},"modified":"2026-04-20T00:12:39","modified_gmt":"2026-04-20T00:12:39","slug":"ilie-bolojan-nu-demisionez-din-functia-de-premier-indiferent-de-psd","status":"publish","type":"post","link":"https:\/\/www.newsrecorder.ro\/app\/2026\/04\/20\/ilie-bolojan-nu-demisionez-din-functia-de-premier-indiferent-de-psd\/","title":{"rendered":"Ilie Bolojan: \u201eNu demisionez din func\u021bia de premier, indiferent de PSD\u201d"},"content":{"rendered":"<p>Premierul Rom\u00e2niei, Ilie Bolojan, a afirmat duminic\u0103 seara, \u00een cadrul unei interven\u021bii la B1 TV, c\u0103 nu are de g\u00e2nd s\u0103 \u00ee\u0219i prezinte demisia, indiferent de rezultatul \u0219edin\u021bei interne a PSD programat\u0103 pentru luni.<\/p>\n<p>\u00cen cadrul discu\u021biei, Bolojan a fost \u00eentrebat despre strategia sa, av\u00e2nd \u00een vedere c\u0103 PSD ar putea retrage sprijinul politic, iar alte partide din coali\u021bie urmeaz\u0103 s\u0103 aib\u0103 \u00eent\u00e2lniri cruciale. Premierul a subliniat c\u0103 actuala criz\u0103 politic\u0103 nu este generat\u0103 de divergen\u021be \u00een ceea ce prive\u0219te solu\u021biile de reform\u0103 propuse de partenerii de guvernare.<\/p>\n<p>\u201eA\u0219a cum a\u021bi observat \u00een ultimele zile, nu au existat critici asupra faptului c\u0103 anumite puncte din planul de guvernare nu au fost respectate sau c\u0103 nu s-au implementat m\u0103suri care s\u0103 corecteze situa\u021bia. Dac\u0103 a\u0219 fi observat o solu\u021bie clar\u0103 sau o problem\u0103 care ar fi putut fi remediat\u0103, a\u0219 fi considerat c\u0103 retragerea mea din func\u021bie ar fi fost justificat\u0103. Dar, din p\u0103cate, PSD nu a propus niciodat\u0103 solu\u021bii alternative, iar dac\u0103 ar fi f\u0103cut-o, nu ar fi existat nicio problem\u0103 \u00een a-mi da demisia\u201d, a declarat premierul.<\/p>\n<p>El a subliniat c\u0103, \u00een absen\u021ba unor propuneri alternative viabile, se simte responsabil s\u0103 continue guvernarea \u00een contextul economic \u0219i politic complicat actual.<\/p>\n<p>\u201eAceasta este pozi\u021bia mea. Nu exist\u0103 solu\u021bii propuse, iar eu am responsabilitatea de a asigura func\u021bionarea guvernului, deoarece ne confrunt\u0103m cu provoc\u0103ri semnificative \u00een perioada urm\u0103toare\u201d, a ad\u0103ugat Ilie Bolojan.<\/p>\n<p>De asemenea, premierul a precizat c\u0103 decizia de a r\u0103m\u00e2ne \u00een func\u021bie nu depinde de votul PSD, ci de necesitatea de a men\u021bine stabilitatea guvern\u0103rii \u00een viitorul apropiat.<\/p>\n<p>\u201eA\u0219adar, indiferent de ceea ce va decide PSD, nu voi demisiona din func\u021bia de premier. Acesta este primul aspect pe care vreau s\u0103-l clarific\u201d, a concluzionat el.<\/p>\n","protected":false},"excerpt":{"rendered":"<p>Premierul Rom\u00e2niei, Ilie Bolojan, a afirmat duminic\u0103 seara, \u00een cadrul unei interven\u021bii la B1 TV, c\u0103 nu are de g\u00e2nd s\u0103 \u00ee\u0219i prezinte demisia, indiferent de rezultatul \u0219edin\u021bei interne a PSD programat\u0103 pentru luni. \u00cen cadrul discu\u021biei, Bolojan a fost \u00eentrebat despre strategia sa, av\u00e2nd \u00een vedere c\u0103 PSD ar putea retrage sprijinul politic, iar [&hellip;]<\/p>\n","protected":false},"author":2,"featured_media":14666,"comment_status":"open","ping_status":"open","sticky":false,"template":"","format":"standard","meta":{"jnews-multi-image_gallery":[],"jnews_single_post":[],"jnews_primary_category":[],"jnews_override_counter":[],"footnotes":""},"categories":[42],"tags":[636,4576,2079,526,302,300,1057,3590],"class_list":["post-14665","post","type-post","status-publish","format-standard","has-post-thumbnail","hentry","category-politica","tag-coalitie","tag-criza-politica","tag-demisie","tag-guvernare","tag-ilie-bolojan","tag-psd","tag-reforme","tag-sprijin-politic"],"_links":{"self":[{"href":"https:\/\/www.newsrecorder.ro\/app\/wp-json\/wp\/v2\/posts\/14665","targetHints":{"allow":["GET"]}}],"collection":[{"href":"https:\/\/www.newsrecorder.ro\/app\/wp-json\/wp\/v2\/posts"}],"about":[{"href":"https:\/\/www.newsrecorder.ro\/app\/wp-json\/wp\/v2\/types\/post"}],"author":[{"embeddable":true,"href":"https:\/\/www.newsrecorder.ro\/app\/wp-json\/wp\/v2\/users\/2"}],"replies":[{"embeddable":true,"href":"https:\/\/www.newsrecorder.ro\/app\/wp-json\/wp\/v2\/comments?post=14665"}],"version-history":[{"count":0,"href":"https:\/\/www.newsrecorder.ro\/app\/wp-json\/wp\/v2\/posts\/14665\/revisions"}],"wp:featuredmedia":[{"embeddable":true,"href":"https:\/\/www.newsrecorder.ro\/app\/wp-json\/wp\/v2\/media\/14666"}],"wp:attachment":[{"href":"https:\/\/www.newsrecorder.ro\/app\/wp-json\/wp\/v2\/media?parent=14665"}],"wp:term":[{"taxonomy":"category","embeddable":true,"href":"https:\/\/www.newsrecorder.ro\/app\/wp-json\/wp\/v2\/categories?post=14665"},{"taxonomy":"post_tag","embeddable":true,"href":"https:\/\/www.newsrecorder.ro\/app\/wp-json\/wp\/v2\/tags?post=14665"}],"curies":[{"name":"wp","href":"https:\/\/api.w.org\/{rel}","templated":true}]}}