{"id":14669,"date":"2026-04-20T00:13:06","date_gmt":"2026-04-20T00:13:06","guid":{"rendered":"https:\/\/www.newsrecorder.ro\/app\/2026\/04\/20\/grindeanu-raspunde-dur-usr-voi-sunteti-doar-spuma-marii\/"},"modified":"2026-04-20T00:13:06","modified_gmt":"2026-04-20T00:13:06","slug":"grindeanu-raspunde-dur-usr-voi-sunteti-doar-spuma-marii","status":"publish","type":"post","link":"https:\/\/www.newsrecorder.ro\/app\/2026\/04\/20\/grindeanu-raspunde-dur-usr-voi-sunteti-doar-spuma-marii\/","title":{"rendered":"Grindeanu r\u0103spunde dur USR: &#8222;Voi sunte\u021bi doar spuma m\u0103rii!&#8221;"},"content":{"rendered":"<p>Sorin Grindeanu, pre\u0219edintele PSD, a discutat duminic\u0103 sear\u0103, \u00eentr-o emisiune la Antena 3 CNN, despre consultarea intern\u0103 a partidului programat\u0103 pentru luni, 20 aprilie, precum \u0219i despre tensiunile existente \u00een cadrul coali\u021biei de guvernare.<\/p>\n<p>Liderul social-democrat a negat acuza\u021biile \u0219i interpret\u0103rile care circul\u0103 \u00een mass-media, afirm\u00e2nd c\u0103 contribu\u021bia PSD la guvernare a avut un rol esen\u021bial \u00een atenuarea m\u0103surilor cu impact negativ asupra cet\u0103\u021benilor. \u201eDac\u0103 nu am fi fost \u00een aceast\u0103 coali\u021bie, probabil c\u0103 acum am avea un TVA de aproximativ 24%, a\u0219a cum s-a propus ini\u021bial. De asemenea, nu am fi reu\u0219it s\u0103 cre\u0219tem salariul minim\u201d, a subliniat Grindeanu.<\/p>\n<p>El a continuat s\u0103 explice c\u0103 interven\u021biile PSD au fost menite s\u0103 limiteze efectele unor politici economice \u0219i sociale nefavorabile. \u201eDac\u0103 nu eram acolo, toate aspectele legate de CASS ar fi fost mult mai grave. T\u0103ierile ar fi afectat \u0219i mai mult popula\u021bia. Chiar \u0219i pentru aceste realiz\u0103ri, a meritat s\u0103 r\u0103m\u00e2nem la guvernare\u201d, a declarat liderul PSD.<\/p>\n<p>Grindeanu a r\u0103spuns, de asemenea, atacurilor venite din partea USR, \u00een special pe tema numirilor \u0219i reformelor institu\u021bionale. El a reafirmat pozi\u021bia PSD de a sus\u021bine propuneri care nu aduc beneficii speciale. \u201eAm votat mo\u021biunea simpl\u0103 \u00eempotriva ministrei Buzoianu, care a l\u0103sat 150.000 de oameni f\u0103r\u0103 ap\u0103 de Cr\u0103ciun. Am spus c\u0103 voi sus\u021bine avocatul poporului propus de USR, dar nu unul cu pensie special\u0103. Le-am comunicat clar c\u0103 pot propune alte persoane care nu sunt beneficiare de pensii speciale. Voi sunte\u021bi din spuma m\u0103rii, sunte\u021bi puri, dar nu au venit cu alternative\u201d, a ad\u0103ugat Grindeanu.<\/p>\n<p>Reac\u021biile sale vin \u00een urma acuza\u021biilor aduse de Dominic Fritz, liderul USR, care a afirmat c\u0103 social-democra\u021bii \u201efac jocuri de putere pe seama oamenilor\u201d \u0219i caut\u0103 s\u0103 provoace o criz\u0103 politic\u0103 pentru a reveni la controlul guvern\u0103rii. Fritz a acuzat PSD c\u0103 a \u00eencercat s\u0103 intimideze USR \u00eenc\u0103 din primele s\u0103pt\u0103m\u00e2ni ale actualei guvern\u0103ri \u0219i a organizat campanii de denigrare \u00eempotriva mini\u0219trilor USR.<\/p>\n<p>\u201eAcum dori\u021bi s\u0103 schimba\u021bi premierul cu un an \u00eenainte de termenul stabilit. De ce? Cu siguran\u021b\u0103 nu \u00een interesul rom\u00e2nilor. Adev\u0103rul este altul: spera\u021bi s\u0103 profita\u021bi de haos, s\u0103 declan\u0219a\u021bi o criz\u0103 politic\u0103 \u0219i s\u0103 reveni\u021bi la butoane nestingheri\u021bi, ca pe vremea lui Ciuc\u0103 \u0219i Ciolacu\u201d, a subliniat Fritz \u00een declara\u021biile sale.<\/p>\n","protected":false},"excerpt":{"rendered":"<p>Sorin Grindeanu, pre\u0219edintele PSD, a discutat duminic\u0103 sear\u0103, \u00eentr-o emisiune la Antena 3 CNN, despre consultarea intern\u0103 a partidului programat\u0103 pentru luni, 20 aprilie, precum \u0219i despre tensiunile existente \u00een cadrul coali\u021biei de guvernare. Liderul social-democrat a negat acuza\u021biile \u0219i interpret\u0103rile care circul\u0103 \u00een mass-media, afirm\u00e2nd c\u0103 contribu\u021bia PSD la guvernare a avut un rol [&hellip;]<\/p>\n","protected":false},"author":2,"featured_media":14670,"comment_status":"open","ping_status":"open","sticky":false,"template":"","format":"standard","meta":{"jnews-multi-image_gallery":[],"jnews_single_post":[],"jnews_primary_category":[],"jnews_override_counter":[],"footnotes":""},"categories":[42],"tags":[3785,7942,2138,17194,300,6111,637,1749],"class_list":["post-14669","post","type-post","status-publish","format-standard","has-post-thumbnail","hentry","category-politica","tag-coalitie-de-guvernare","tag-consultare-interna","tag-masuri-economice","tag-politica-sociala","tag-psd","tag-salariu-minim","tag-sorin-grindeanu","tag-tva"],"_links":{"self":[{"href":"https:\/\/www.newsrecorder.ro\/app\/wp-json\/wp\/v2\/posts\/14669","targetHints":{"allow":["GET"]}}],"collection":[{"href":"https:\/\/www.newsrecorder.ro\/app\/wp-json\/wp\/v2\/posts"}],"about":[{"href":"https:\/\/www.newsrecorder.ro\/app\/wp-json\/wp\/v2\/types\/post"}],"author":[{"embeddable":true,"href":"https:\/\/www.newsrecorder.ro\/app\/wp-json\/wp\/v2\/users\/2"}],"replies":[{"embeddable":true,"href":"https:\/\/www.newsrecorder.ro\/app\/wp-json\/wp\/v2\/comments?post=14669"}],"version-history":[{"count":0,"href":"https:\/\/www.newsrecorder.ro\/app\/wp-json\/wp\/v2\/posts\/14669\/revisions"}],"wp:featuredmedia":[{"embeddable":true,"href":"https:\/\/www.newsrecorder.ro\/app\/wp-json\/wp\/v2\/media\/14670"}],"wp:attachment":[{"href":"https:\/\/www.newsrecorder.ro\/app\/wp-json\/wp\/v2\/media?parent=14669"}],"wp:term":[{"taxonomy":"category","embeddable":true,"href":"https:\/\/www.newsrecorder.ro\/app\/wp-json\/wp\/v2\/categories?post=14669"},{"taxonomy":"post_tag","embeddable":true,"href":"https:\/\/www.newsrecorder.ro\/app\/wp-json\/wp\/v2\/tags?post=14669"}],"curies":[{"name":"wp","href":"https:\/\/api.w.org\/{rel}","templated":true}]}}