{"id":1469,"date":"2026-02-03T15:41:22","date_gmt":"2026-02-03T15:41:22","guid":{"rendered":"https:\/\/www.newsrecorder.ro\/app\/2026\/02\/03\/raluca-turcan-sprijina-prelungirea-mandatului-lui-ilie-bolojan\/"},"modified":"2026-02-03T15:41:22","modified_gmt":"2026-02-03T15:41:22","slug":"raluca-turcan-sprijina-prelungirea-mandatului-lui-ilie-bolojan","status":"publish","type":"post","link":"https:\/\/www.newsrecorder.ro\/app\/2026\/02\/03\/raluca-turcan-sprijina-prelungirea-mandatului-lui-ilie-bolojan\/","title":{"rendered":"Raluca Turcan sprijin\u0103 prelungirea mandatului lui Ilie Bolojan!"},"content":{"rendered":"<p>Deputata PNL, Raluca Turcan, a declarat mar\u021bi c\u0103 premierul Ilie Bolojan a solicitat un vot de \u00eencredere \u201eclar \u0219i onest\u201d \u00een cadrul partidului. Conform post\u0103rii sale de pe pagina de Facebook, acest demers are ca scop continuarea activit\u0103\u021bii guvernamentale f\u0103r\u0103 conflicte interne.<\/p>\n<p>Turcan a subliniat c\u0103 mandatul premierului trebuie s\u0103 continue \u0219i c\u0103 este esen\u021bial\u0103 unitatea at\u00e2t \u00een partid, c\u00e2t \u0219i \u00een coali\u021bie, av\u00e2nd \u00een vedere c\u0103 Rom\u00e2nia are nevoie de \u201econducere, coeren\u021b\u0103 \u0219i curaj\u201d.<\/p>\n<p>\u201eDup\u0103 zile \u00eentregi \u00een care, din p\u0103cate, \u00een spa\u021biul public au ap\u0103rut \u0219i voci din PNL care au contestat deciziile premierului Ilie Bolojan, acesta a cerut, \u00eentr-o \u0219edin\u021b\u0103 de aproape 5 ore, un vot de \u00eencredere clar \u0219i onest. Scopul este de a putea continua ceea ce a \u00eenceput \u00een guvernare, f\u0103r\u0103 contest\u0103ri interne, \u00eentr-un moment \u00een care se confrunt\u0103 cu o opozi\u021bie agresiv\u0103, inclusiv \u00een cadrul coali\u021biei. Este o solicitare just\u0103\u201d, a scris Turcan.<\/p>\n<p>Deputata a ad\u0103ugat c\u0103 perioada celor mai dificile decizii a ajuns la final. \u201eDup\u0103 mul\u021bi ani \u00een care, \u00een unele domenii, gre\u0219elile s-au acumulat \u0219i s-au ad\u00e2ncit, avem \u00een sf\u00e2r\u0219it la conducerea Guvernului un om care \u00ee\u0219i asum\u0103 corectarea lor, indiferent c\u00e2t de dificile sau nepopulare sunt m\u0103surile. Reformele serioase nu se fac cu aplauze, ci cu responsabilitate. Este important de subliniat c\u0103 m\u0103surile dificile au trecut\u201d, a afirmat ea.<\/p>\n<p>Raluca Turcan a anun\u021bat c\u0103 Executivul va finaliza \u00een cur\u00e2nd un pachet de relansare economic\u0103. Acesta va include \u201ereconfigurarea schemelor de ajutor de stat, lans\u00e2nd \u0219apte programe dedicate, de la resurse minerale \u0219i materii prime critice, la cercetare-dezvoltare, noi tehnologii \u0219i industria de ap\u0103rare, dar \u0219i o component\u0103 fiscal\u0103 ampl\u0103, adresat\u0103 micro\u00eentreprinderilor \u0219i \u00eentregului mediu de afaceri\u201d.<\/p>\n<p>\u201eEste un semnal clar c\u0103 Rom\u00e2nia intr\u0103 \u00eentr-o etap\u0103 de reconstruc\u021bie economic\u0103\u201d, a subliniat Turcan.<\/p>\n<p>Pe plan politic, deputata a men\u021bionat c\u0103 premierul a solicitat \u201eun lucru firesc\u201d. Ea a eviden\u021biat necesitatea reorganiz\u0103rii filialei PNL Bucure\u0219ti \u201e\u00eentr-o formul\u0103 func\u021bional\u0103, care s\u0103 colaboreze coerent cu primarul proasp\u0103t ales, Ciprian Ciucu\u201d.<\/p>\n<p>\u201eSincer, nici nu ar fi trebuit s\u0103 se ajung\u0103 aici. Ast\u0103zi, \u00een PNL exist\u0103 doi lideri pe care oamenii \u00eei crediteaz\u0103 f\u0103r\u0103 re\u021binere: Ilie Bolojan \u0219i Ciprian Ciucu, care au livrat performan\u021b\u0103 \u00een administra\u021bie \u0219i au adus voturi \u00een momente electorale critice\u201d, a ad\u0103ugat aceasta.<\/p>\n<p>\u00centr-o \u00eent\u00e2lnire recent\u0103, Biroul Politic Na\u021bional al PNL a acordat un <a href=\"https:\/\/www.mediafax.ro\/politic\/sedinta-importanta-a-pnl-la-vila-lac-bolojan-ar-putea-cere-un-vot-de-incredere-in-contextul-tensiunilor-din-partid-23680288\">vot de \u00eencredere<\/a> pentru pre\u0219edintele partidului, premierul Ilie Bolojan. Aceast\u0103 decizie confirm\u0103 sprijinul majoritar din partea membrilor partidului, cu 47 de voturi \u201epentru\u201d \u0219i trei voturi \u201e\u00eempotriv\u0103\u201d.<\/p>\n<p>\u00cen aceea\u0219i \u0219edin\u021b\u0103, Biroul Politic Na\u021bional nu a aprobat propunerea de revocare a conducerii a zece organiza\u021bii jude\u021bene, deoarece nu s-a atins majoritatea de dou\u0103 treimi necesar\u0103, conform statutului partidului.<\/p>\n","protected":false},"excerpt":{"rendered":"<p>Deputata PNL, Raluca Turcan, a declarat mar\u021bi c\u0103 premierul Ilie Bolojan a solicitat un vot de \u00eencredere \u201eclar \u0219i onest\u201d \u00een cadrul partidului. Conform post\u0103rii sale de pe pagina de Facebook, acest demers are ca scop continuarea activit\u0103\u021bii guvernamentale f\u0103r\u0103 conflicte interne. Turcan a subliniat c\u0103 mandatul premierului trebuie s\u0103 continue \u0219i c\u0103 este esen\u021bial\u0103 [&hellip;]<\/p>\n","protected":false},"author":2,"featured_media":1470,"comment_status":"open","ping_status":"open","sticky":false,"template":"","format":"standard","meta":{"jnews-multi-image_gallery":[],"jnews_single_post":[],"jnews_primary_category":[],"jnews_override_counter":[],"footnotes":""},"categories":[42],"tags":[636,526,302,2600,627,2598,2599,2386],"class_list":["post-1469","post","type-post","status-publish","format-standard","has-post-thumbnail","hentry","category-politica","tag-coalitie","tag-guvernare","tag-ilie-bolojan","tag-opozitie","tag-pnl","tag-raluca-turcan","tag-unitate","tag-vot-de-incredere"],"_links":{"self":[{"href":"https:\/\/www.newsrecorder.ro\/app\/wp-json\/wp\/v2\/posts\/1469","targetHints":{"allow":["GET"]}}],"collection":[{"href":"https:\/\/www.newsrecorder.ro\/app\/wp-json\/wp\/v2\/posts"}],"about":[{"href":"https:\/\/www.newsrecorder.ro\/app\/wp-json\/wp\/v2\/types\/post"}],"author":[{"embeddable":true,"href":"https:\/\/www.newsrecorder.ro\/app\/wp-json\/wp\/v2\/users\/2"}],"replies":[{"embeddable":true,"href":"https:\/\/www.newsrecorder.ro\/app\/wp-json\/wp\/v2\/comments?post=1469"}],"version-history":[{"count":0,"href":"https:\/\/www.newsrecorder.ro\/app\/wp-json\/wp\/v2\/posts\/1469\/revisions"}],"wp:featuredmedia":[{"embeddable":true,"href":"https:\/\/www.newsrecorder.ro\/app\/wp-json\/wp\/v2\/media\/1470"}],"wp:attachment":[{"href":"https:\/\/www.newsrecorder.ro\/app\/wp-json\/wp\/v2\/media?parent=1469"}],"wp:term":[{"taxonomy":"category","embeddable":true,"href":"https:\/\/www.newsrecorder.ro\/app\/wp-json\/wp\/v2\/categories?post=1469"},{"taxonomy":"post_tag","embeddable":true,"href":"https:\/\/www.newsrecorder.ro\/app\/wp-json\/wp\/v2\/tags?post=1469"}],"curies":[{"name":"wp","href":"https:\/\/api.w.org\/{rel}","templated":true}]}}