{"id":14699,"date":"2026-04-20T09:14:58","date_gmt":"2026-04-20T09:14:58","guid":{"rendered":"https:\/\/www.newsrecorder.ro\/app\/2026\/04\/20\/premiile-laureus-descopera-nominalizatii-oscarurilor-sportive\/"},"modified":"2026-04-20T09:14:58","modified_gmt":"2026-04-20T09:14:58","slug":"premiile-laureus-descopera-nominalizatii-oscarurilor-sportive","status":"publish","type":"post","link":"https:\/\/www.newsrecorder.ro\/app\/2026\/04\/20\/premiile-laureus-descopera-nominalizatii-oscarurilor-sportive\/","title":{"rendered":"Premiile Laureus: Descoper\u0103 Nominaliza\u021bii \u201eOscarurilor\u201d Sportive!"},"content":{"rendered":"<p>Campioni olimpici \u0219i personalit\u0103\u021bi de frunte ale sportului mondial \u00ee\u0219i vor disputa premiile la gala Laureus 2026, ce va avea loc la Palacio de Cibeles din Madrid, un loc simbolic unde echipa de fotbal Real Madrid \u00ee\u0219i celebreaz\u0103 trofeele c\u00e2\u0219tigate. Aceast\u0103 ceremonie promite a fi un eveniment deosebit, adun\u00e2nd cei mai buni sportivi din \u00eentreaga lume.<\/p>\n<p>Selec\u021bia nominaliza\u021bilor a fost efectuat\u0103 de cei 1.300 de membri ai Laureus Global Media Panel, care au avut misiunea de a alege cei mai merituo\u0219i sportivi ai anului.<\/p>\n<p>Printre cei nominaliza\u021bi se afl\u0103 spaniolul Carlos Alcaraz \u0219i italianul Jannik Sinner, care se vor confrunta din nou, dar de aceast\u0103 dat\u0103 nu pe terenul de tenis, ci \u00een cadrul ceremoniei pentru Sportivul Anului. Ambii juc\u0103tori, clasifica\u021bi pe primele dou\u0103 locuri \u00een lume, \u00eemp\u0103rt\u0103\u0219esc cele patru titluri de Grand Slam.<\/p>\n<p>Lista nominaliza\u021bilor include \u0219i c\u00e2\u0219tig\u0103torul Balonului de Aur, Ousmane Demb\u00e9l\u00e9, interna\u021bionalul francez care a jucat un rol esen\u021bial \u00een succesul echipei Paris Saint-Germain \u00een Liga Campionilor, termin\u00e2nd sezonul ca golgheter \u0219i aduc\u00e2nd \u00een palmares \u0219ase trofee \u00een 2025.<\/p>\n<p>Printre cei nominaliza\u021bi se num\u0103r\u0103 \u0219i Mondo Duplantis, s\u0103ritorul cu pr\u0103jina din Suedia, c\u00e2\u0219tig\u0103torul premiului de anul trecut, care a reu\u0219it s\u0103 doboare patru recorduri mondiale \u00eentr-un sezon f\u0103r\u0103 \u00eenfr\u00e2ngere. De asemenea, ciclistul sloven Tadej Poga\u010dar, cu patru victorii de etap\u0103 \u00een Turul Fran\u021bei, \u0219i spaniolul Marc M\u00e1rquez, care a c\u00e2\u0219tigat al \u0219aptelea titlu mondial \u00een MotoGP, completeaz\u0103 lista sportivilor de elit\u0103.<\/p>\n<p>La categoria feminin\u0103, Aitana Bonmat\u00ed, prima fotbalist\u0103 care a ob\u021binut trei Baloane de Aur, este din nou nominalizat\u0103 la titlul de Sportiv\u0103 a Anului. Concuren\u021ba este acerb\u0103, av\u00e2ndu-le al\u0103turi pe Melissa Jefferson-Wooden \u0219i Sydney McLaughlin-Levrone, ambele din Statele Unite, dar \u0219i pe kenyanca Faith Kipyegon, care a c\u00e2\u0219tigat trei medalii olimpice consecutive la 1.500 m. De asemenea, Katie Ledecky, cea mai decorat\u0103 \u00eenot\u0103toare american\u0103 din istorie, \u0219i lidera mondial\u0103 din tenis Aryna Sabalenka, din Belarus, sunt alte nume importante pe list\u0103.<\/p>\n<p>\u00cen ceea ce prive\u0219te categoria Revela\u021bia Anului, nominaliz\u0103rile includ fotbalistul francez D\u00e9sir\u00e9 Dou\u00e9 de la PSG, pilotul de Formula 1 Lando Norris, juc\u0103torul de darts Luke Littler din Marea Britanie, baschetbalistul canadian Shai Gilgeous-Alexander, t\u00e2n\u0103rul star al tenisului brazilian Jo\u00e3o Fonseca \u0219i \u00eenot\u0103toarea chinez\u0103 de 12 ani, Yu Zidi.<\/p>\n<p>Nominaliz\u0103rile pentru Echipa Anului sunt la fel de impresionante, incluz\u00e2nd campioana NBA Oklahoma City Thunder, echipa de fotbal Paris Saint-Germain, prima echip\u0103 feminin\u0103 de cricket din India, echipa feminin\u0103 de fotbal a Angliei, echipa de Formula 1 McLaren \u0219i echipa european\u0103 de golf Ryder Cup.<\/p>\n<p>Gala din 2026 marcheaz\u0103 \u0219i un moment important, aniversarea a 25 de ani de la mesajul lui Nelson Mandela care a stat la baza mi\u0219c\u0103rii \u201eSport for Good\u201d, eviden\u021biind impactul pozitiv al sportului asupra societ\u0103\u021bii.<\/p>\n<p>Covorul ro\u0219u din inima Madridului se va transforma \u00eentr-o adev\u0103rat\u0103 constela\u021bie de sportivi. Printre invita\u021bii confirma\u021bi se num\u0103r\u0103 fosta mare gimnast\u0103 rom\u00e2n\u0103 Nadia Com\u0103neci \u0219i gimnasta Simone Biles, acum ambasador Laureus. De asemenea, vor fi prezen\u021bi \u0219i fo\u0219ti sportivi de renume precum Boris Becker, Luis Figo, Cafu \u0219i Giacomo Agostini.<\/p>\n<p>Evenimentul promite s\u0103 aduc\u0103 \u0219i figuri emblematice din fotbal, precum Iker Casillas, Roberto Carlos, Rapha\u00ebl Varane, Andriy Shevchenko, Fabio Capello \u0219i Xavi Hern\u00e1ndez, iar atmosfera va fi una plin\u0103 de excelen\u021b\u0103 sportiv\u0103 \u0219i omagiu adus valorilor pe care sportul le promoveaz\u0103.<\/p>\n","protected":false},"excerpt":{"rendered":"<p>Campioni olimpici \u0219i personalit\u0103\u021bi de frunte ale sportului mondial \u00ee\u0219i vor disputa premiile la gala Laureus 2026, ce va avea loc la Palacio de Cibeles din Madrid, un loc simbolic unde echipa de fotbal Real Madrid \u00ee\u0219i celebreaz\u0103 trofeele c\u00e2\u0219tigate. Aceast\u0103 ceremonie promite a fi un eveniment deosebit, adun\u00e2nd cei mai buni sportivi din \u00eentreaga [&hellip;]<\/p>\n","protected":false},"author":6,"featured_media":14700,"comment_status":"open","ping_status":"open","sticky":false,"template":"","format":"standard","meta":{"jnews-multi-image_gallery":[],"jnews_single_post":[],"jnews_primary_category":[],"jnews_override_counter":[],"footnotes":""},"categories":[46],"tags":[17221,327,17220,841,12492,17222,17223,839],"class_list":["post-14699","post","type-post","status-publish","format-standard","has-post-thumbnail","hentry","category-sport","tag-campioni-olimpici","tag-carlos-alcaraz","tag-gala-laureus","tag-jannik-sinner","tag-madrid","tag-nominalizati","tag-premiile-laureus","tag-sportivi"],"_links":{"self":[{"href":"https:\/\/www.newsrecorder.ro\/app\/wp-json\/wp\/v2\/posts\/14699","targetHints":{"allow":["GET"]}}],"collection":[{"href":"https:\/\/www.newsrecorder.ro\/app\/wp-json\/wp\/v2\/posts"}],"about":[{"href":"https:\/\/www.newsrecorder.ro\/app\/wp-json\/wp\/v2\/types\/post"}],"author":[{"embeddable":true,"href":"https:\/\/www.newsrecorder.ro\/app\/wp-json\/wp\/v2\/users\/6"}],"replies":[{"embeddable":true,"href":"https:\/\/www.newsrecorder.ro\/app\/wp-json\/wp\/v2\/comments?post=14699"}],"version-history":[{"count":0,"href":"https:\/\/www.newsrecorder.ro\/app\/wp-json\/wp\/v2\/posts\/14699\/revisions"}],"wp:featuredmedia":[{"embeddable":true,"href":"https:\/\/www.newsrecorder.ro\/app\/wp-json\/wp\/v2\/media\/14700"}],"wp:attachment":[{"href":"https:\/\/www.newsrecorder.ro\/app\/wp-json\/wp\/v2\/media?parent=14699"}],"wp:term":[{"taxonomy":"category","embeddable":true,"href":"https:\/\/www.newsrecorder.ro\/app\/wp-json\/wp\/v2\/categories?post=14699"},{"taxonomy":"post_tag","embeddable":true,"href":"https:\/\/www.newsrecorder.ro\/app\/wp-json\/wp\/v2\/tags?post=14699"}],"curies":[{"name":"wp","href":"https:\/\/api.w.org\/{rel}","templated":true}]}}