{"id":14707,"date":"2026-04-20T10:16:47","date_gmt":"2026-04-20T10:16:47","guid":{"rendered":"https:\/\/www.newsrecorder.ro\/app\/2026\/04\/20\/maria-corina-machado-revine-in-venezuela-si-cere-alegeri-urgente\/"},"modified":"2026-04-20T10:16:47","modified_gmt":"2026-04-20T10:16:47","slug":"maria-corina-machado-revine-in-venezuela-si-cere-alegeri-urgente","status":"publish","type":"post","link":"https:\/\/www.newsrecorder.ro\/app\/2026\/04\/20\/maria-corina-machado-revine-in-venezuela-si-cere-alegeri-urgente\/","title":{"rendered":"Maria Corina Machado revine \u00een Venezuela \u0219i cere alegeri urgente!"},"content":{"rendered":"<p>Aceast\u0103 situa\u021bie a subliniat faptul c\u0103 o \u00eent\u00e2rziere \u00een procesul electoral ar putea genera o escaladare a tensiunilor sociale, av\u00e2nd poten\u021bialul de a conduce la instabilitate. Lidera opozi\u021biei, Machado, a subliniat c\u0103 popula\u021bia din Venezuela are o nevoie urgent\u0103 de un proces electoral transparent, care s\u0103 ofere o modalitate de a canaliza nemul\u021bumirile \u00eentr-un mod civic \u0219i pa\u0219nic.<\/p>\n<p>\u201eEste esen\u021bial s\u0103 facem pa\u0219i concre\u021bi spre alegeri libere \u00een Venezuela, pentru a gestiona a\u0219tept\u0103rile \u0219i frustr\u0103rile cet\u0103\u021benilor\u201d, a declarat Machado, eviden\u021biind importan\u021ba acestui demers.<\/p>\n<p>Contextul politic s-a modificat considerabil dup\u0103 capturarea pre\u0219edintelui Nicolas Maduro de c\u0103tre autorit\u0103\u021bile americane \u00een luna ianuarie. Acest incident a alimentat speran\u021bele opozi\u021biei pentru o tranzi\u021bie politic\u0103 rapid\u0103. Cu toate acestea, pre\u0219edintele Statelor Unite, Donald Trump, a optat s\u0103 o sus\u021bin\u0103 pe Delcy Rodriguez, fost vicepre\u0219edinte al lui Maduro, pentru a prelua conducerea interimar\u0103 a \u021b\u0103rii. Aceast\u0103 decizie a fost justificat\u0103 prin lipsa de sprijin suficient pentru Machado la acel moment.<\/p>\n<p>Machado a respins \u00eens\u0103 ideea c\u0103 sus\u021binerea lui Rodriguez ar fi de durat\u0103, suger\u00e2nd c\u0103 pozi\u021bia acesteia este una temporar\u0103.<\/p>\n<p>\u00cen opinia liderului opozi\u021biei, societatea venezuelean\u0103 se afl\u0103 \u00eentr-un moment critic, acumul\u00e2nd tensiuni majore dup\u0103 ani de criz\u0103 economic\u0103 \u0219i politic\u0103. Machado a comparat situa\u021bia cu \u201eun baraj plin de energie \u0219i frustrare\u201d, care risc\u0103 s\u0103 cedeze dac\u0103 nu se iau m\u0103suri rapide.<\/p>\n<p>Organizarea alegerilor libere \u00een Venezuela, a subliniat ea, necesit\u0103 actualizarea listelor electorale \u0219i reformarea institu\u021biilor responsabile, un proces ce ar putea dura \u00eentre opt \u0219i nou\u0103 luni.<\/p>\n<p>\u00cen timpul unei vizite la Madrid, Machado a criticat guvernul spaniol condus de Pedro Sanchez pentru lipsa unei pozi\u021bii ferme fa\u021b\u0103 de regimul lui Maduro. Totu\u0219i, ea a apreciat sprijinul oferit de anumi\u021bi lideri europeni, subliniind importan\u021ba alian\u021belor interna\u021bionale \u00een vederea reconstruc\u021biei institu\u021bionale a Venezuelei.<\/p>\n<p>De asemenea, lidera opozi\u021biei a luat parte la un miting al diasporei venezuelene, unde a transmis un mesaj de speran\u021b\u0103 privind \u00eentoarcerea cet\u0103\u021benilor \u00een \u021bar\u0103.<\/p>\n","protected":false},"excerpt":{"rendered":"<p>Aceast\u0103 situa\u021bie a subliniat faptul c\u0103 o \u00eent\u00e2rziere \u00een procesul electoral ar putea genera o escaladare a tensiunilor sociale, av\u00e2nd poten\u021bialul de a conduce la instabilitate. Lidera opozi\u021biei, Machado, a subliniat c\u0103 popula\u021bia din Venezuela are o nevoie urgent\u0103 de un proces electoral transparent, care s\u0103 ofere o modalitate de a canaliza nemul\u021bumirile \u00eentr-un mod [&hellip;]<\/p>\n","protected":false},"author":2,"featured_media":14708,"comment_status":"open","ping_status":"open","sticky":false,"template":"","format":"standard","meta":{"jnews-multi-image_gallery":[],"jnews_single_post":[],"jnews_primary_category":[],"jnews_override_counter":[],"footnotes":""},"categories":[41],"tags":[2819,5893,17227,2600,17228,17229,17230,2062],"class_list":["post-14707","post","type-post","status-publish","format-standard","has-post-thumbnail","hentry","category-externe","tag-alegeri-libere","tag-instabilitate","tag-machado","tag-opozitie","tag-tensiuni-sociale","tag-transparenta-electorala","tag-tranzitie-politica","tag-venezuela"],"_links":{"self":[{"href":"https:\/\/www.newsrecorder.ro\/app\/wp-json\/wp\/v2\/posts\/14707","targetHints":{"allow":["GET"]}}],"collection":[{"href":"https:\/\/www.newsrecorder.ro\/app\/wp-json\/wp\/v2\/posts"}],"about":[{"href":"https:\/\/www.newsrecorder.ro\/app\/wp-json\/wp\/v2\/types\/post"}],"author":[{"embeddable":true,"href":"https:\/\/www.newsrecorder.ro\/app\/wp-json\/wp\/v2\/users\/2"}],"replies":[{"embeddable":true,"href":"https:\/\/www.newsrecorder.ro\/app\/wp-json\/wp\/v2\/comments?post=14707"}],"version-history":[{"count":0,"href":"https:\/\/www.newsrecorder.ro\/app\/wp-json\/wp\/v2\/posts\/14707\/revisions"}],"wp:featuredmedia":[{"embeddable":true,"href":"https:\/\/www.newsrecorder.ro\/app\/wp-json\/wp\/v2\/media\/14708"}],"wp:attachment":[{"href":"https:\/\/www.newsrecorder.ro\/app\/wp-json\/wp\/v2\/media?parent=14707"}],"wp:term":[{"taxonomy":"category","embeddable":true,"href":"https:\/\/www.newsrecorder.ro\/app\/wp-json\/wp\/v2\/categories?post=14707"},{"taxonomy":"post_tag","embeddable":true,"href":"https:\/\/www.newsrecorder.ro\/app\/wp-json\/wp\/v2\/tags?post=14707"}],"curies":[{"name":"wp","href":"https:\/\/api.w.org\/{rel}","templated":true}]}}