{"id":14709,"date":"2026-04-20T10:17:07","date_gmt":"2026-04-20T10:17:07","guid":{"rendered":"https:\/\/www.newsrecorder.ro\/app\/2026\/04\/20\/bagheta-franceza-in-declin-cum-ne-schimba-alimentatia-traditiile\/"},"modified":"2026-04-20T10:17:07","modified_gmt":"2026-04-20T10:17:07","slug":"bagheta-franceza-in-declin-cum-ne-schimba-alimentatia-traditiile","status":"publish","type":"post","link":"https:\/\/www.newsrecorder.ro\/app\/2026\/04\/20\/bagheta-franceza-in-declin-cum-ne-schimba-alimentatia-traditiile\/","title":{"rendered":"Bagheta francez\u0103 \u00een declin: Cum ne schimb\u0103 alimenta\u021bia tradi\u021biile?"},"content":{"rendered":"<p>\u00cen ultimele decenii, consumul de p\u00e2ine \u00een Fran\u021ba a \u00eenregistrat o sc\u0103dere constant\u0103. Dup\u0103 sf\u00e2r\u0219itul celui de-al Doilea R\u0103zboi Mondial, media consumului era de aproximativ 700 de grame pe zi per persoan\u0103, \u00eens\u0103 ast\u0103zi aceasta a ajuns la doar circa 100 de grame, echivalentul a mai pu\u021bin de jum\u0103tate dintr-o baghet\u0103 zilnic. Un sondaj recent, men\u021bionat de <a href=\"https:\/\/edition.cnn.com\/travel\/france-baguette-uncertain-future\" target=\"_blank\" rel=\"noopener\">CNN<\/a>, indic\u0103 faptul c\u0103 peste o treime dintre francezi \u0219i-au redus semnificativ consumul de p\u00e2ine \u00een ultimii ani. Speciali\u0219tii atribuie aceast\u0103 schimbare stilului de via\u021b\u0103 modern \u0219i tendin\u021belor alimentare tot mai orientate spre fast-food.<\/p>\n<p>Un aspect interesant este c\u0103 tinerii din zilele noastre nu mai respect\u0103 tradi\u021bia de a cump\u0103ra o baghet\u0103 \u00een fiecare zi. \u00cen trecut, acest obicei era la fel de firesc ca sp\u0103latul pe din\u021bi. Acum, mul\u021bi tineri aleg s\u0103 g\u0103teasc\u0103 mai rar, prefer\u00e2nd s\u0103 m\u0103n\u00e2nce la restaurant sau s\u0103 opteze pentru produse rapide, precum burgeri, kebab sau sushi. De\u0219i bagheta continu\u0103 s\u0103 fie apreciat\u0103, aceasta este consumat\u0103 mai ales \u00een weekenduri sau \u00een cadrul \u00eent\u00e2lnirilor de familie.<\/p>\n<p>O alt\u0103 transformare semnificativ\u0103 \u00een peisajul brutarilor este apari\u021bia \u201eneobrut\u0103riilor\u201d, care pun accent pe p\u00e2ini artizanale, realizate cu fermenta\u021bie lent\u0103, f\u0103in\u0103 organic\u0103 \u0219i cereale vechi. Unele brut\u0103rii au decis s\u0103 renun\u021be complet la baghete, consider\u00e2ndu-le mai pu\u021bin nutritive, cu un termen scurt de valabilitate \u0219i generatoare de risip\u0103 alimentar\u0103. \u00cen locul acestora, clien\u021bii pot g\u0103si p\u00e2ini mari, care rezist\u0103 mai mult \u0219i sunt mai u\u0219or de digerat. Aceast\u0103 schimbare a st\u00e2rnit reac\u021bii puternice din partea consumatorilor, care se simt deranja\u021bi de absen\u021ba baghetei din brut\u0103rii.<\/p>\n<p>Cu toate acestea, noile produse artizanale sunt mai scumpe. O baghet\u0103 clasic\u0103 cost\u0103 aproximativ un euro, \u00een timp ce o p\u00e2ine special\u0103 poate ajunge p\u00e2n\u0103 la 7 euro. Aceast\u0103 situa\u021bie limiteaz\u0103 accesul unei p\u0103r\u021bi a popula\u021biei, iar exper\u021bii sugereaz\u0103 c\u0103 brut\u0103riile moderne se concentreaz\u0103 \u00een principal pe un public urban, cu venituri medii \u0219i mari. Chiar dac\u0103 consumul de p\u00e2ine a sc\u0103zut, speciali\u0219tii nu cred c\u0103 bagheta va disp\u0103rea complet. Dimpotriv\u0103, aceasta se adapteaz\u0103 noilor tendin\u021be, iar sandvi\u0219urile cu baghet\u0103 c\u00e2\u0219tig\u0103 din ce \u00een ce mai mult\u0103 popularitate. \u00cen plus, <a href=\"https:\/\/www.mediafax.ro\/externe\/o-brutarie-din-turcia-produce-paine-dupa-o-reteta-veche-de-5-000-de-ani-23558283\" target=\"_blank\" rel=\"noopener\">unele brut\u0103rii experimenteaz\u0103<\/a> cu variante inovatoare, inclusiv baghete colorate sau reinterpretate. Concluzia din industria de panifica\u021bie este clar\u0103: francezii consum\u0103 mai pu\u021bin\u0103 p\u00e2ine, dar de o calitate superioar\u0103, iar bagheta, simbol al culturii franceze, continu\u0103 s\u0103 fie prezent\u0103, chiar \u0219i \u00eentr-o form\u0103 adaptat\u0103 la noile realit\u0103\u021bi.<\/p>\n","protected":false},"excerpt":{"rendered":"<p>\u00cen ultimele decenii, consumul de p\u00e2ine \u00een Fran\u021ba a \u00eenregistrat o sc\u0103dere constant\u0103. Dup\u0103 sf\u00e2r\u0219itul celui de-al Doilea R\u0103zboi Mondial, media consumului era de aproximativ 700 de grame pe zi per persoan\u0103, \u00eens\u0103 ast\u0103zi aceasta a ajuns la doar circa 100 de grame, echivalentul a mai pu\u021bin de jum\u0103tate dintr-o baghet\u0103 zilnic. Un sondaj recent, [&hellip;]<\/p>\n","protected":false},"author":2,"featured_media":14710,"comment_status":"open","ping_status":"open","sticky":false,"template":"","format":"standard","meta":{"jnews-multi-image_gallery":[],"jnews_single_post":[],"jnews_primary_category":[],"jnews_override_counter":[],"footnotes":""},"categories":[41],"tags":[17231,3479,17232,473,10016,13198,17233,2162],"class_list":["post-14709","post","type-post","status-publish","format-standard","has-post-thumbnail","hentry","category-externe","tag-bagheta","tag-consum","tag-fast-food","tag-franta","tag-paine","tag-stil-de-viata","tag-tendinte-alimentare","tag-tineri"],"_links":{"self":[{"href":"https:\/\/www.newsrecorder.ro\/app\/wp-json\/wp\/v2\/posts\/14709","targetHints":{"allow":["GET"]}}],"collection":[{"href":"https:\/\/www.newsrecorder.ro\/app\/wp-json\/wp\/v2\/posts"}],"about":[{"href":"https:\/\/www.newsrecorder.ro\/app\/wp-json\/wp\/v2\/types\/post"}],"author":[{"embeddable":true,"href":"https:\/\/www.newsrecorder.ro\/app\/wp-json\/wp\/v2\/users\/2"}],"replies":[{"embeddable":true,"href":"https:\/\/www.newsrecorder.ro\/app\/wp-json\/wp\/v2\/comments?post=14709"}],"version-history":[{"count":0,"href":"https:\/\/www.newsrecorder.ro\/app\/wp-json\/wp\/v2\/posts\/14709\/revisions"}],"wp:featuredmedia":[{"embeddable":true,"href":"https:\/\/www.newsrecorder.ro\/app\/wp-json\/wp\/v2\/media\/14710"}],"wp:attachment":[{"href":"https:\/\/www.newsrecorder.ro\/app\/wp-json\/wp\/v2\/media?parent=14709"}],"wp:term":[{"taxonomy":"category","embeddable":true,"href":"https:\/\/www.newsrecorder.ro\/app\/wp-json\/wp\/v2\/categories?post=14709"},{"taxonomy":"post_tag","embeddable":true,"href":"https:\/\/www.newsrecorder.ro\/app\/wp-json\/wp\/v2\/tags?post=14709"}],"curies":[{"name":"wp","href":"https:\/\/api.w.org\/{rel}","templated":true}]}}