{"id":14711,"date":"2026-04-20T10:17:28","date_gmt":"2026-04-20T10:17:28","guid":{"rendered":"https:\/\/www.newsrecorder.ro\/app\/2026\/04\/20\/descopera-ce-spune-presa-internationala-despre-criza-de-la-bucuresti\/"},"modified":"2026-04-20T10:17:28","modified_gmt":"2026-04-20T10:17:28","slug":"descopera-ce-spune-presa-internationala-despre-criza-de-la-bucuresti","status":"publish","type":"post","link":"https:\/\/www.newsrecorder.ro\/app\/2026\/04\/20\/descopera-ce-spune-presa-internationala-despre-criza-de-la-bucuresti\/","title":{"rendered":"Descoper\u0103 ce spune presa interna\u021bional\u0103 despre criza de la Bucure\u0219ti!"},"content":{"rendered":"<p><strong><a style=\"color: #0000ff\" href=\"https:\/\/www.mediafax.ro\/politic\/nicusor-dan-probabil-ca-vom-intra-in-turbulente-politice-dar-exista-consens-pe-pnrr-23722895\">Social-democra\u021bii se preg\u0103tesc s\u0103 retrag\u0103 sprijinul premierului<\/a><\/strong>, \u00eentr-o consultare intern\u0103 programat\u0103 pentru luni, din cauza politicii de austeritate adoptate de premierul Bolojan, precum \u0219i a coordon\u0103rii insuficiente \u00een cadrul coali\u021biei formate din patru partide. Conform unei analize realizate de Bloomberg, aceast\u0103 criz\u0103 politic\u0103 ar putea conduce la formarea unui guvern minoritar.<\/p>\n<p>Decizia social-democra\u021bilor de a-\u0219i retrage sprijinul vine ca un r\u0103spuns la m\u0103surile de austeritate promovate de Bolojan, liderul Partidului Liberal. Ace\u0219tia consider\u0103 c\u0103 abordarea sa nu este \u00een interesul cet\u0103\u021benilor \u0219i a stabilit\u0103\u021bii guvernului.<\/p>\n<p>Premierul Bolojan a declarat c\u0103 va r\u0103m\u00e2ne \u00een func\u021bie, indiferent de rezultatul votului, ceea ce ar putea determina social-democra\u021bii s\u0103 ini\u021bieze o mo\u021biune de ne\u00eencredere \u00eempotriva sa \u00een s\u0103pt\u0103m\u00e2nile urm\u0103toare.<\/p>\n<p>Ruptura coali\u021biei, la doar 10 luni de la formarea sa, st\u00e2rne\u0219te \u00eengrijor\u0103ri \u00een r\u00e2ndul investitorilor. Aceast\u0103 coali\u021bie pro-european\u0103 s-a constituit \u00een urma uneia dintre cele mai severe crize politice din ultimele trei decenii, cauzat\u0103 de o anulare f\u0103r\u0103 precedent a rezultatelor alegerilor preziden\u021biale.<\/p>\n<p>Noile tensiuni politice ar putea afecta stabilitatea financiar\u0103 a \u021b\u0103rii. Investitorii \u0219i agen\u021biile de rating au subliniat c\u0103 o situa\u021bie politic\u0103 stabil\u0103 este esen\u021bial\u0103 pentru a sprijini eforturile Rom\u00e2niei de a reduce cel mai mare deficit bugetar din Uniunea European\u0103 \u0219i pentru a preveni retrogradarea ratingului de credit.<\/p>\n<p>\u00cen prezent, Rom\u00e2nia se confrunt\u0103 cu cele mai mari dob\u00e2nzi la \u00eemprumuturi din regiune, iar obliga\u021biunile sale denominate \u00een dolari au avut vineri cele mai slabe performan\u021be pe pie\u021bele emergente din cauza riscurilor politice crescute.<\/p>\n<p>Liderul social-democrat, Sorin Grindeanu, a amplificat presiunile vineri, anun\u021b\u00e2nd c\u0103 \u201ede luni, vom avea o nou\u0103 realitate politic\u0103\u201d. El a afirmat c\u0103 partidul s\u0103u \u00ee\u0219i va stabili propriul parcurs \u0219i c\u0103, dac\u0103 acesta va duce la opozi\u021bie, a\u0219a va fi.<\/p>\n<p>Pierderea sprijinului social-democrat ar l\u0103sa guvernul lui Bolojan f\u0103r\u0103 majoritate parlamentar\u0103, oblig\u00e2ndu-l s\u0103 aleag\u0103 \u00eentre conducerea unui guvern minoritar, trecerea \u00een opozi\u021bie sau sprijinirea unui alt candidat pentru func\u021bia de prim-ministru, cu scopul de a reconstrui alian\u021ba.<\/p>\n<p>Dac\u0103 mini\u0219trii social-democra\u021bi decid s\u0103 demisioneze, premierul va avea la dispozi\u021bie 45 de zile pentru a solicita un vot de \u00eencredere din partea parlamentului, p\u0103str\u00e2ndu-\u0219i toate atribu\u021biile \u00een aceast\u0103 perioad\u0103, dup\u0103 numirea unor func\u021bionari interimari.<\/p>\n<p>\u00centr-un interviu radio, Bolojan a declarat c\u0103 este dispus s\u0103 conduc\u0103 un guvern minoritar, dac\u0103 acest lucru este permis de Constitu\u021bie, p\u00e2n\u0103 c\u00e2nd va pierde un vot de ne\u00eencredere. El a subliniat c\u0103 Partidul Liberal nu va forma o nou\u0103 coali\u021bie cu social-democra\u021bii \u00een formatul actual, men\u021bion\u00e2nd c\u0103 \u201ematematica parlamentar\u0103 nu ne las\u0103 prea multe op\u021biuni, iar formarea unei majorit\u0103\u021bi nu este u\u0219oar\u0103\u201d.<\/p>\n","protected":false},"excerpt":{"rendered":"<p>Social-democra\u021bii se preg\u0103tesc s\u0103 retrag\u0103 sprijinul premierului, \u00eentr-o consultare intern\u0103 programat\u0103 pentru luni, din cauza politicii de austeritate adoptate de premierul Bolojan, precum \u0219i a coordon\u0103rii insuficiente \u00een cadrul coali\u021biei formate din patru partide. Conform unei analize realizate de Bloomberg, aceast\u0103 criz\u0103 politic\u0103 ar putea conduce la formarea unui guvern minoritar. Decizia social-democra\u021bilor de a-\u0219i [&hellip;]<\/p>\n","protected":false},"author":2,"featured_media":14712,"comment_status":"open","ping_status":"open","sticky":false,"template":"","format":"standard","meta":{"jnews-multi-image_gallery":[],"jnews_single_post":[],"jnews_primary_category":[],"jnews_override_counter":[],"footnotes":""},"categories":[41],"tags":[2613,1298,636,13126,17234,1046,3351,1005],"class_list":["post-14711","post","type-post","status-publish","format-standard","has-post-thumbnail","hentry","category-externe","tag-austeritate","tag-bolojan","tag-coalitie","tag-guvern-minoritar","tag-motiune-de-neincredere","tag-premier","tag-social-democrati","tag-stabilitate"],"_links":{"self":[{"href":"https:\/\/www.newsrecorder.ro\/app\/wp-json\/wp\/v2\/posts\/14711","targetHints":{"allow":["GET"]}}],"collection":[{"href":"https:\/\/www.newsrecorder.ro\/app\/wp-json\/wp\/v2\/posts"}],"about":[{"href":"https:\/\/www.newsrecorder.ro\/app\/wp-json\/wp\/v2\/types\/post"}],"author":[{"embeddable":true,"href":"https:\/\/www.newsrecorder.ro\/app\/wp-json\/wp\/v2\/users\/2"}],"replies":[{"embeddable":true,"href":"https:\/\/www.newsrecorder.ro\/app\/wp-json\/wp\/v2\/comments?post=14711"}],"version-history":[{"count":0,"href":"https:\/\/www.newsrecorder.ro\/app\/wp-json\/wp\/v2\/posts\/14711\/revisions"}],"wp:featuredmedia":[{"embeddable":true,"href":"https:\/\/www.newsrecorder.ro\/app\/wp-json\/wp\/v2\/media\/14712"}],"wp:attachment":[{"href":"https:\/\/www.newsrecorder.ro\/app\/wp-json\/wp\/v2\/media?parent=14711"}],"wp:term":[{"taxonomy":"category","embeddable":true,"href":"https:\/\/www.newsrecorder.ro\/app\/wp-json\/wp\/v2\/categories?post=14711"},{"taxonomy":"post_tag","embeddable":true,"href":"https:\/\/www.newsrecorder.ro\/app\/wp-json\/wp\/v2\/tags?post=14711"}],"curies":[{"name":"wp","href":"https:\/\/api.w.org\/{rel}","templated":true}]}}