{"id":14715,"date":"2026-04-20T10:18:11","date_gmt":"2026-04-20T10:18:11","guid":{"rendered":"https:\/\/www.newsrecorder.ro\/app\/2026\/04\/20\/germania-in-alerta-merz-convoaca-consiliul-de-securitate-pentru-criza-de-combustibil\/"},"modified":"2026-04-20T10:18:11","modified_gmt":"2026-04-20T10:18:11","slug":"germania-in-alerta-merz-convoaca-consiliul-de-securitate-pentru-criza-de-combustibil","status":"publish","type":"post","link":"https:\/\/www.newsrecorder.ro\/app\/2026\/04\/20\/germania-in-alerta-merz-convoaca-consiliul-de-securitate-pentru-criza-de-combustibil\/","title":{"rendered":"Germania \u00een alert\u0103: Merz convoac\u0103 Consiliul de Securitate pentru criza de combustibil!"},"content":{"rendered":"<p>Cancelarul german Friedrich Merz a anun\u021bat c\u0103 va convoca \u201e\u00een cel mai scurt timp\u201d Consiliul Na\u021bional de Securitate pentru a analiza riscurile asociate cu o posibil\u0103 penurie de kerosen \u00een Europa. Aceast\u0103 decizie intervine pe fondul tensiunilor crescute pe pia\u021ba energetic\u0103, generate de conflictul din Iran. Consiliul, care reune\u0219te mini\u0219tri \u0219i exper\u021bi, a fost \u00eenfiin\u021bat anul trecut pentru a facilita reac\u021bii rapide \u00een fa\u021ba crizelor majore. Convocarea acestuia sugereaz\u0103 c\u0103 autorit\u0103\u021bile germane consider\u0103 situa\u021bia actual\u0103 drept una deosebit de grav\u0103, conform informa\u021biilor publicate de <a href=\"https:\/\/www.politico.eu\/article\/friedrich-merz-germany-security-council-jet-fuel-shortage\/\" target=\"_blank\" rel=\"noopener\">Politico<\/a>.<\/p>\n<p>Cre\u0219terea exploziv\u0103 a pre\u021burilor<\/p>\n<p>Pretul combustibilului pentru avia\u021bie \u00een Europa a cunoscut o dublare dramatic\u0103 de la \u00eenceputul conflictului, ca urmare a bloc\u0103rii transporturilor prin Str\u00e2mtoarea Ormuz, un punct strategic care gestioneaz\u0103 aproximativ 20% din petrolul tranzac\u021bionat global. De\u0219i autorit\u0103\u021bile germane afirm\u0103 c\u0103 aprovizionarea este \u00een prezent stabil\u0103, acestea subliniaz\u0103 c\u0103 situa\u021bia r\u0103m\u00e2ne \u201etensionat\u0103\u201d \u0219i c\u0103 evolu\u021bia poate fi rapid\u0103.<\/p>\n<p>Ministrul Economiei, Katherina Reiche, a \u00eenceput deja s\u0103 prezinte m\u0103suri de rezerv\u0103 \u0219i are \u00een plan discu\u021bii cu furnizorii de combustibil, companiile aeriene \u0219i operatorii aeroportuari pentru a g\u0103si solu\u021bii viabile. Autorit\u0103\u021bile germane consider\u0103 utilizarea tuturor instrumentelor disponibile pentru a asigura continuitatea aprovizion\u0103rii cu produse esen\u021biale, inclusiv motorin\u0103, benzin\u0103 \u0219i kerosen.<\/p>\n<p>\u00cengrijor\u0103rile europene sunt gestionate cu m\u0103sur\u0103<\/p>\n<p>\u00cen timp ce Germania adopt\u0103 o pozi\u021bie precaut\u0103, oficialii de la nivel european se str\u0103duiesc s\u0103 minimizeze temerile. Comisia European\u0103 a declarat c\u0103, \u00een prezent, nu exist\u0103 dovezi clare care s\u0103 sugereze o penurie de combustibil pentru avia\u021bie. Totu\u0219i, unele companii aeriene au \u00eenceput s\u0103 reduc\u0103 num\u0103rul zborurilor, invoc\u00e2nd cre\u0219terea costurilor combustibilului.<\/p>\n<p>Exper\u021bii din industrie atrag aten\u021bia c\u0103, chiar \u0219i dac\u0103 <a href=\"https:\/\/www.mediafax.ro\/externe\/iran-securitatea-stramtorii-ormuz-nu-este-gratuita-23722824\" target=\"_blank\" rel=\"noopener\">transporturile prin Str\u00e2mtoarea Ormuz<\/a> vor fi reluate, efectele asupra pie\u021bei vor continua s\u0103 se fac\u0103 sim\u021bite. Conform estim\u0103rilor, ar putea dura luni \u00eentregi p\u00e2n\u0103 c\u00e2nd aprovizionarea \u0219i pre\u021burile vor reveni la niveluri obi\u0219nuite, men\u021bin\u00e2nd presiunea asupra companiilor aeriene \u0219i economiilor europene.<\/p>\n","protected":false},"excerpt":{"rendered":"<p>Cancelarul german Friedrich Merz a anun\u021bat c\u0103 va convoca \u201e\u00een cel mai scurt timp\u201d Consiliul Na\u021bional de Securitate pentru a analiza riscurile asociate cu o posibil\u0103 penurie de kerosen \u00een Europa. Aceast\u0103 decizie intervine pe fondul tensiunilor crescute pe pia\u021ba energetic\u0103, generate de conflictul din Iran. Consiliul, care reune\u0219te mini\u0219tri \u0219i exper\u021bi, a fost \u00eenfiin\u021bat [&hellip;]<\/p>\n","protected":false},"author":2,"featured_media":14716,"comment_status":"open","ping_status":"open","sticky":false,"template":"","format":"standard","meta":{"jnews-multi-image_gallery":[],"jnews_single_post":[],"jnews_primary_category":[],"jnews_override_counter":[],"footnotes":""},"categories":[41],"tags":[3418,12344,8597,16514,5673,3215,9709,8772],"class_list":["post-14715","post","type-post","status-publish","format-standard","has-post-thumbnail","hentry","category-externe","tag-aprovizionare","tag-conflictul-din-iran","tag-consiliul-national-de-securitate","tag-kerosen","tag-penurie","tag-piata-energetica","tag-preturi-combustibil","tag-stramtoarea-ormuz"],"_links":{"self":[{"href":"https:\/\/www.newsrecorder.ro\/app\/wp-json\/wp\/v2\/posts\/14715","targetHints":{"allow":["GET"]}}],"collection":[{"href":"https:\/\/www.newsrecorder.ro\/app\/wp-json\/wp\/v2\/posts"}],"about":[{"href":"https:\/\/www.newsrecorder.ro\/app\/wp-json\/wp\/v2\/types\/post"}],"author":[{"embeddable":true,"href":"https:\/\/www.newsrecorder.ro\/app\/wp-json\/wp\/v2\/users\/2"}],"replies":[{"embeddable":true,"href":"https:\/\/www.newsrecorder.ro\/app\/wp-json\/wp\/v2\/comments?post=14715"}],"version-history":[{"count":0,"href":"https:\/\/www.newsrecorder.ro\/app\/wp-json\/wp\/v2\/posts\/14715\/revisions"}],"wp:featuredmedia":[{"embeddable":true,"href":"https:\/\/www.newsrecorder.ro\/app\/wp-json\/wp\/v2\/media\/14716"}],"wp:attachment":[{"href":"https:\/\/www.newsrecorder.ro\/app\/wp-json\/wp\/v2\/media?parent=14715"}],"wp:term":[{"taxonomy":"category","embeddable":true,"href":"https:\/\/www.newsrecorder.ro\/app\/wp-json\/wp\/v2\/categories?post=14715"},{"taxonomy":"post_tag","embeddable":true,"href":"https:\/\/www.newsrecorder.ro\/app\/wp-json\/wp\/v2\/tags?post=14715"}],"curies":[{"name":"wp","href":"https:\/\/api.w.org\/{rel}","templated":true}]}}