{"id":14723,"date":"2026-04-20T10:19:12","date_gmt":"2026-04-20T10:19:12","guid":{"rendered":"https:\/\/www.newsrecorder.ro\/app\/2026\/04\/20\/concertele-lui-kanye-west-anulate-in-europa-turneul-in-pericol\/"},"modified":"2026-04-20T10:19:12","modified_gmt":"2026-04-20T10:19:12","slug":"concertele-lui-kanye-west-anulate-in-europa-turneul-in-pericol","status":"publish","type":"post","link":"https:\/\/www.newsrecorder.ro\/app\/2026\/04\/20\/concertele-lui-kanye-west-anulate-in-europa-turneul-in-pericol\/","title":{"rendered":"Concertele lui Kanye West anulate \u00een Europa: Turneul \u00een pericol!"},"content":{"rendered":"<p>Anul\u0103rile concertelor lui Kanye \u201eYe\u201d West continu\u0103 s\u0103 se \u00eenmul\u021beasc\u0103, dup\u0103 ce Polonia \u0219i Elve\u021bia au decis s\u0103 renun\u021be la evenimentele programate \u00een aceast\u0103 var\u0103. Artistul era a\u0219teptat s\u0103 sus\u021bin\u0103 un concert pe 19 iunie, la stadionul Silezia din Chorz\u00f3w, dar organizatorii au anulat evenimentul invoc\u00e2nd \u201emotive formale \u0219i legale\u201d. Aceast\u0103 decizie a fost influen\u021bat\u0103 de criticile vehemente venite din partea oficialilor polonezi. Ministrul Culturii a subliniat c\u0103 trecutul artistului \u0219i declara\u021biile sale nu pot fi trecute cu vederea \u00eentr-o \u021bar\u0103 cu o istorie at\u00e2t de dureroas\u0103 precum cea a Holocaustului, conform informa\u021biilor transmise de <a href=\"https:\/\/www.euronews.com\/culture\/2026\/04\/20\/more-european-countries-cancel-kanye-ye-west-gigs-will-the-eu-tour-go-ahead\" target=\"_blank\" rel=\"noopener\">Euronews<\/a>.<\/p>\n<p>\u00cen Elve\u021bia, clubul FC Basel a anun\u021bat c\u0103 nu va g\u0103zdui concertul planificat, invoc\u00e2nd valorile fundamentale ale institu\u021biei \u0219i alegerea de a nu oferi o platform\u0103 unui artist controversat.<\/p>\n<p>Aceste anul\u0103ri survin \u00eentr-un context de presiuni cresc\u00e2nde, av\u00e2nd \u00een vedere c\u0103 autorit\u0103\u021bile britanice i-au interzis lui West accesul \u00een Regatul Unit, ceea ce a dus la anularea particip\u0103rii sale la festivalul Wireless. De asemenea, concertul programat \u00een Fran\u021ba, la Marsilia, a fost am\u00e2nat. Aceste decizii reflect\u0103 o presiune tot mai mare asupra organizatorilor \u0219i autorit\u0103\u021bilor din Europa, ca urmare a reac\u021biilor provocate de comportamentul \u0219i declara\u021biile controversate ale artistului \u00een ultimii ani.<\/p>\n<p>Controversele legate de Kanye West au \u00eenceput \u00een 2022, c\u00e2nd artistul a emis o serie de declara\u021bii antisemite pe re\u021belele sociale. Ca urmare, a fost suspendat de pe mai multe platforme \u0219i a pierdut colabor\u0103ri cu branduri interna\u021bionale de renume. Situa\u021bia s-a agravat \u00een 2025, c\u00e2nd artistul a lansat produse \u0219i con\u021binut asociate simbolurilor naziste, provoc\u00e2nd reac\u021bii negative la nivel mondial \u0219i m\u0103suri restrictive din partea unor \u021b\u0103ri. De\u0219i West a \u00eencercat s\u0103 \u00ee\u0219i cear\u0103 scuze public \u0219i a invocat probleme de s\u0103n\u0103tate mintal\u0103, reac\u021biile r\u0103m\u00e2n \u00eemp\u0103r\u021bite, iar multe institu\u021bii culturale refuz\u0103 s\u0103 colaboreze cu el.<\/p>\n<p>\u00cen prezent, doar c\u00e2teva concerte sunt \u00eenc\u0103 programate \u00een Europa, incluz\u00e2nd loca\u021bii din Turcia, Olanda, Italia, Spania \u0219i Portugalia. Totu\u0219i, <a href=\"https:\/\/www.mediafax.ro\/stirile-zilei\/kanye-west-isi-amana-concertul-din-marsilia-din-cauza-declaratiilor-sale-antisemite-23720094\" target=\"_blank\" rel=\"noopener\">avalansa de anul\u0103ri<\/a> a generat tot mai multe incertitudini cu privire la desf\u0103\u0219urarea complet\u0103 a turneului. Organizatorii \u0219i autorit\u0103\u021bile locale sunt \u00een prezent \u00een discu\u021bii pentru a evalua situa\u021bia, iar viitorul concertelor lui Kanye West r\u0103m\u00e2ne incert \u00een contextul reac\u021biilor publice \u0219i politice.<\/p>\n","protected":false},"excerpt":{"rendered":"<p>Anul\u0103rile concertelor lui Kanye \u201eYe\u201d West continu\u0103 s\u0103 se \u00eenmul\u021beasc\u0103, dup\u0103 ce Polonia \u0219i Elve\u021bia au decis s\u0103 renun\u021be la evenimentele programate \u00een aceast\u0103 var\u0103. Artistul era a\u0219teptat s\u0103 sus\u021bin\u0103 un concert pe 19 iunie, la stadionul Silezia din Chorz\u00f3w, dar organizatorii au anulat evenimentul invoc\u00e2nd \u201emotive formale \u0219i legale\u201d. Aceast\u0103 decizie a fost influen\u021bat\u0103 [&hellip;]<\/p>\n","protected":false},"author":2,"featured_media":14724,"comment_status":"open","ping_status":"open","sticky":false,"template":"","format":"standard","meta":{"jnews-multi-image_gallery":[],"jnews_single_post":[],"jnews_primary_category":[],"jnews_override_counter":[],"footnotes":""},"categories":[41],"tags":[17248,17250,17249,2204,2332,14995,1032,868],"class_list":["post-14723","post","type-post","status-publish","format-standard","has-post-thumbnail","hentry","category-externe","tag-anulari-concerte","tag-artist-controversat","tag-criticile-oficialilor","tag-elvetia","tag-holocaust","tag-kanye-west","tag-polonia","tag-valori-fundamentale"],"_links":{"self":[{"href":"https:\/\/www.newsrecorder.ro\/app\/wp-json\/wp\/v2\/posts\/14723","targetHints":{"allow":["GET"]}}],"collection":[{"href":"https:\/\/www.newsrecorder.ro\/app\/wp-json\/wp\/v2\/posts"}],"about":[{"href":"https:\/\/www.newsrecorder.ro\/app\/wp-json\/wp\/v2\/types\/post"}],"author":[{"embeddable":true,"href":"https:\/\/www.newsrecorder.ro\/app\/wp-json\/wp\/v2\/users\/2"}],"replies":[{"embeddable":true,"href":"https:\/\/www.newsrecorder.ro\/app\/wp-json\/wp\/v2\/comments?post=14723"}],"version-history":[{"count":0,"href":"https:\/\/www.newsrecorder.ro\/app\/wp-json\/wp\/v2\/posts\/14723\/revisions"}],"wp:featuredmedia":[{"embeddable":true,"href":"https:\/\/www.newsrecorder.ro\/app\/wp-json\/wp\/v2\/media\/14724"}],"wp:attachment":[{"href":"https:\/\/www.newsrecorder.ro\/app\/wp-json\/wp\/v2\/media?parent=14723"}],"wp:term":[{"taxonomy":"category","embeddable":true,"href":"https:\/\/www.newsrecorder.ro\/app\/wp-json\/wp\/v2\/categories?post=14723"},{"taxonomy":"post_tag","embeddable":true,"href":"https:\/\/www.newsrecorder.ro\/app\/wp-json\/wp\/v2\/tags?post=14723"}],"curies":[{"name":"wp","href":"https:\/\/api.w.org\/{rel}","templated":true}]}}