{"id":14747,"date":"2026-04-20T12:56:14","date_gmt":"2026-04-20T12:56:14","guid":{"rendered":"https:\/\/www.newsrecorder.ro\/app\/2026\/04\/20\/ilie-bolojan-mesajul-sau-inspirational-pentru-castigatorul-din-bulgaria\/"},"modified":"2026-04-20T12:56:14","modified_gmt":"2026-04-20T12:56:14","slug":"ilie-bolojan-mesajul-sau-inspirational-pentru-castigatorul-din-bulgaria","status":"publish","type":"post","link":"https:\/\/www.newsrecorder.ro\/app\/2026\/04\/20\/ilie-bolojan-mesajul-sau-inspirational-pentru-castigatorul-din-bulgaria\/","title":{"rendered":"Ilie Bolojan: Mesajul s\u0103u inspira\u021bional pentru c\u00e2\u0219tig\u0103torul din Bulgaria!"},"content":{"rendered":"<p>Un mesaj postat pe re\u021beaua X a fost scris \u00een limba englez\u0103, av\u00e2nd ca subiect alegerile din Bulgaria.<\/p>\n<p>Ilie Bolojan, premierul Rom\u00e2niei, l-a felicitat pe Rumen Radev pentru victoria sa clar\u0103 \u00een cadrul acestor alegeri, subliniind importan\u021ba rela\u021biilor bilaterale dintre cele dou\u0103 \u021b\u0103ri.<\/p>\n<p>\u201eCa vecini, a\u0219tept cu ner\u0103bdare s\u0103 consolid\u0103m \u00een continuare Parteneriatul Strategic dintre Rom\u00e2nia \u0219i Bulgaria \u0219i s\u0103 promov\u0103m priorit\u0103\u021bile noastre comune \u00een cadrul Uniunii Europene \u0219i NATO. Este esen\u021bial s\u0103 continu\u0103m eforturile de \u00eembun\u0103t\u0103\u021bire a conectivit\u0103\u021bii regionale \u0219i de \u00eent\u0103rire a securit\u0103\u021bii Flancului Estic \u0219i a regiunii M\u0103rii Negre\u201d, a declarat Ilie Bolojan.<\/p>\n<p>Partidul fostului pre\u0219edinte bulgar, Rumen Radev, a ob\u021binut prima pozi\u021bie la alegerile parlamentare desf\u0103\u0219urate duminica trecut\u0103. Radev, care a renun\u021bat la func\u021bia de pre\u0219edinte \u00een luna ianuarie, a candidat cu promisiunea de a lupta \u00eempotriva corup\u021biei.<\/p>\n","protected":false},"excerpt":{"rendered":"<p>Un mesaj postat pe re\u021beaua X a fost scris \u00een limba englez\u0103, av\u00e2nd ca subiect alegerile din Bulgaria. Ilie Bolojan, premierul Rom\u00e2niei, l-a felicitat pe Rumen Radev pentru victoria sa clar\u0103 \u00een cadrul acestor alegeri, subliniind importan\u021ba rela\u021biilor bilaterale dintre cele dou\u0103 \u021b\u0103ri. \u201eCa vecini, a\u0219tept cu ner\u0103bdare s\u0103 consolid\u0103m \u00een continuare Parteneriatul Strategic dintre [&hellip;]<\/p>\n","protected":false},"author":2,"featured_media":14748,"comment_status":"open","ping_status":"open","sticky":false,"template":"","format":"standard","meta":{"jnews-multi-image_gallery":[],"jnews_single_post":[],"jnews_primary_category":[],"jnews_override_counter":[],"footnotes":""},"categories":[42],"tags":[17272,1076,302,905,1324,9056,17273,321],"class_list":["post-14747","post","type-post","status-publish","format-standard","has-post-thumbnail","hentry","category-politica","tag-alegeri-bulgaria","tag-coruptie","tag-ilie-bolojan","tag-parteneriat-strategic","tag-relatii-bilaterale","tag-rumen-radev","tag-securitate-flanc-estic","tag-uniunea-europeana"],"_links":{"self":[{"href":"https:\/\/www.newsrecorder.ro\/app\/wp-json\/wp\/v2\/posts\/14747","targetHints":{"allow":["GET"]}}],"collection":[{"href":"https:\/\/www.newsrecorder.ro\/app\/wp-json\/wp\/v2\/posts"}],"about":[{"href":"https:\/\/www.newsrecorder.ro\/app\/wp-json\/wp\/v2\/types\/post"}],"author":[{"embeddable":true,"href":"https:\/\/www.newsrecorder.ro\/app\/wp-json\/wp\/v2\/users\/2"}],"replies":[{"embeddable":true,"href":"https:\/\/www.newsrecorder.ro\/app\/wp-json\/wp\/v2\/comments?post=14747"}],"version-history":[{"count":0,"href":"https:\/\/www.newsrecorder.ro\/app\/wp-json\/wp\/v2\/posts\/14747\/revisions"}],"wp:featuredmedia":[{"embeddable":true,"href":"https:\/\/www.newsrecorder.ro\/app\/wp-json\/wp\/v2\/media\/14748"}],"wp:attachment":[{"href":"https:\/\/www.newsrecorder.ro\/app\/wp-json\/wp\/v2\/media?parent=14747"}],"wp:term":[{"taxonomy":"category","embeddable":true,"href":"https:\/\/www.newsrecorder.ro\/app\/wp-json\/wp\/v2\/categories?post=14747"},{"taxonomy":"post_tag","embeddable":true,"href":"https:\/\/www.newsrecorder.ro\/app\/wp-json\/wp\/v2\/tags?post=14747"}],"curies":[{"name":"wp","href":"https:\/\/api.w.org\/{rel}","templated":true}]}}