{"id":14761,"date":"2026-04-20T12:58:38","date_gmt":"2026-04-20T12:58:38","guid":{"rendered":"https:\/\/www.newsrecorder.ro\/app\/2026\/04\/20\/criza-politica-in-romania-cel-mai-mare-partid-cere-demisia-premierului\/"},"modified":"2026-04-20T12:58:38","modified_gmt":"2026-04-20T12:58:38","slug":"criza-politica-in-romania-cel-mai-mare-partid-cere-demisia-premierului","status":"publish","type":"post","link":"https:\/\/www.newsrecorder.ro\/app\/2026\/04\/20\/criza-politica-in-romania-cel-mai-mare-partid-cere-demisia-premierului\/","title":{"rendered":"Criz\u0103 politic\u0103 \u00een Rom\u00e2nia: Cel mai mare partid cere demisia premierului!"},"content":{"rendered":"<p><strong><a style=\"color: #0000ff\" href=\"https:\/\/www.mediafax.ro\/politic\/ora-zero-pentru-coalitie-sedinta-psd-decisiva-pe-masa-retragerea-sprijinului-pentru-bolojan-23722696\">Guvernul de coali\u021bie condus de premierul Ilie Bolojan,<\/a><\/strong> un guvern format din patru partide pro-europene, a fost \u00eenfiin\u021bat acum 10 luni, ca r\u0103spuns la alegerile preziden\u021biale polarizante. Scopul principal al acestei alian\u021be a fost s\u0103 \u00eempiedice ascensiunea extremei drepte la putere, \u00eens\u0103, pe parcurs, coali\u021bia a \u00eent\u00e2mpinat dificult\u0103\u021bi \u00een ceea ce prive\u0219te implementarea m\u0103surilor de reform\u0103, conform unei analize realizate de <strong><a style=\"color: #0000ff\" href=\"https:\/\/www.reuters.com\/world\/biggest-party-romanian-coalition-set-demand-pms-resignation-political-crisis-2026-04-20\/\">Reuters<\/a><\/strong>.<\/p>\n<p>\u00cengrijorarea social-democra\u021bilor cu privire la sprijinul electoratului<\/p>\n<p>PSD, cel mai mare partid din coali\u021bie, se afl\u0103 \u00eentr-o situa\u021bie tot mai alarmant\u0103, \u00eengrijorat de pierderea sprijinului popular \u00een fa\u021ba extremei drepte, \u00een ciuda faptului c\u0103 Rom\u00e2nia nu va organiza alegeri parlamentare p\u00e2n\u0103 \u00een 2028.<\/p>\n<p>De\u0219i social-democra\u021bii au sus\u021binut, \u00een ciuda ezit\u0103rilor, toate m\u0103surile de reducere a deficitului, se a\u0219teapt\u0103 ca ace\u0219tia s\u0103 cear\u0103 demisia lui Bolojan, liderul Partidului Liberal de centru-dreapta, \u00een cadrul unui vot intern programat pentru ora 14:00 GMT.<\/p>\n<p>Premierul Bolojan a afirmat c\u0103 nu va demisiona, iar \u00een cazul \u00een care social-democra\u021bii \u00ee\u0219i vor retrage cei \u0219ase mini\u0219tri din cabinet la sf\u00e2r\u0219itul s\u0103pt\u0103m\u00e2nii, coali\u021bia va r\u0103m\u00e2ne f\u0103r\u0103 o majoritate parlamentar\u0103.<\/p>\n<p>Impactul financiar al instabilit\u0103\u021bii politice<\/p>\n<p>Rom\u00e2nia se afl\u0103 pe ultima treapt\u0103 a ratingului de investi\u021bii, conform agen\u021biilor de rating, dup\u0103 ce guvernul Bolojan a crescut impozitele \u0219i a \u00eenceput s\u0103 reduc\u0103 cheltuielile pentru a combate cel mai mare deficit bugetar din Uniunea European\u0103. Cu toate acestea, agen\u021biile au avertizat c\u0103 instabilitatea politic\u0103 reprezint\u0103 un risc major.<\/p>\n<p>Dac\u0103 reformele suplimentare nu sunt implementate p\u00e2n\u0103 \u00een august, Rom\u00e2nia ar putea pierde aproximativ 11 miliarde de euro din fondurile UE destinate redres\u0103rii \u0219i rezilien\u021bei, ceea ce reprezint\u0103 aproape jum\u0103tate din alocarea total\u0103 de la Bruxelles. De asemenea, \u021bara trebuie s\u0103 semneze contracte de ap\u0103rare \u00een valoare de 16,6 miliarde de euro \u00een cadrul ini\u021biativei SAFE a Uniunii Europene.<\/p>\n<p>Pre\u0219edintele Nicu\u0219or Dan \u00ee\u0219i exprim\u0103 optimismul \u00een fa\u021ba investitorilor<\/p>\n<p>Pre\u0219edintele centrist al Rom\u00e2niei, Nicu\u0219or Dan, a \u00eencercat s\u0103 calmeze pie\u021bele financiare luni, afirm\u00e2nd c\u0103 partidele aflate la guvernare au ajuns la un consens \u00een privin\u021ba fondurilor UE \u0219i a obiectivelor de deficit.<\/p>\n<p>\u201eDa, vom avea o criz\u0103 politic\u0103, \u00eens\u0103 \u00een privin\u021ba aspectelor esen\u021biale, avem predictibilitate\u201d, a declarat Dan \u00een fa\u021ba reporterilor.<\/p>\n<p>Rata dob\u00e2nzilor la obliga\u021biunile rom\u00e2ne\u0219ti \u00een dolari cu scaden\u021ba \u00een 2036 a crescut cu 28 de puncte de baz\u0103, ating\u00e2nd 256 de puncte de baz\u0103 \u00een tranzac\u021biile de luni, comparativ cu 228 de puncte de baz\u0103 \u00eenregistrate pe 15 aprilie.<\/p>\n<p>Agen\u021biile de rating r\u0103m\u00e2n t\u0103cute<\/p>\n<p>Agen\u021biile de rating precum Moody&#8217;s, S&amp;P sau Fitch nu au oferit comentarii imediate cu privire la situa\u021bia politic\u0103 actual\u0103.<\/p>\n<p>Eoghan McDonagh, manager de portofoliu la Allianz Global Investors, a men\u021bionat c\u0103 investitorii apreciaz\u0103 eforturile guvernului Bolojan de a stabiliza finan\u021bele publice.<\/p>\n<p>\u201eOrice abatare de la aceast\u0103 direc\u021bie reformist\u0103 &#8211; cum ar fi demisia lui Bolojan &#8211; ar fi perceput\u0103 negativ de pie\u021be, ceea ce explic\u0103 recentul l\u0103rgit al spread-urilor\u201d, a explicat el.<\/p>\n<p>Bolojan, care este v\u0103zut ca cel mai respectat politician din guvernul de coali\u021bie, a declarat duminic\u0103 seara c\u0103 va numi mini\u0219tri interimari din cabinetul existent, care vor gestiona portofoliile redistribuite timp de 45 de zile.<\/p>\n<p>\u00cen contextul tensiunilor politice, Alian\u021ba pentru Unirea Rom\u00e2nilor, un partid de opozi\u021bie de extrem\u0103 dreapta, care conduce \u00een sondajele de opinie, ar putea ini\u021bia un vot de ne\u00eencredere \u00een s\u0103pt\u0103m\u00e2nile urm\u0103toare, similar cu ceea ce inten\u021bioneaz\u0103 s\u0103 fac\u0103 \u0219i social-democra\u021bii.<\/p>\n<p>Dac\u0103 cele dou\u0103 partide colaboreaz\u0103 pentru a sus\u021bine votul de ne\u00eencredere, guvernul ar putea c\u0103dea, ceea ce ar duce la s\u0103pt\u0103m\u00e2ni de negocieri \u00eentre partide pentru formarea unei noi coali\u021bii. O majoritate pro-european\u0103 nu poate fi ob\u021binut\u0103 f\u0103r\u0103 sprijinul social-democra\u021bilor, care de\u021bin 28% din locurile din Parlament.<\/p>\n<p>Pre\u0219edintele Dan, care are rolul de a nominaliza prim-ministrul, a declarat c\u0103 cele patru partide din coali\u021bie nu au alt\u0103 op\u021biune dec\u00e2t s\u0103 continue guvernarea, exclud\u00e2nd posibilitatea numirii unui premier sus\u021binut de extrema dreapt\u0103.<\/p>\n<p>Este important de men\u021bionat c\u0103 Rom\u00e2nia nu a organizat niciodat\u0103 alegeri parlamentare anticipate, <strong><a style=\"color: #0000ff\" href=\"https:\/\/www.reuters.com\/world\/biggest-party-romanian-coalition-set-demand-pms-resignation-political-crisis-2026-04-20\/\">precizeaz\u0103 Reuters<\/a><\/strong>.<\/p>\n","protected":false},"excerpt":{"rendered":"<p>Guvernul de coali\u021bie condus de premierul Ilie Bolojan, un guvern format din patru partide pro-europene, a fost \u00eenfiin\u021bat acum 10 luni, ca r\u0103spuns la alegerile preziden\u021biale polarizante. Scopul principal al acestei alian\u021be a fost s\u0103 \u00eempiedice ascensiunea extremei drepte la putere, \u00eens\u0103, pe parcurs, coali\u021bia a \u00eent\u00e2mpinat dificult\u0103\u021bi \u00een ceea ce prive\u0219te implementarea m\u0103surilor de [&hellip;]<\/p>\n","protected":false},"author":2,"featured_media":14762,"comment_status":"open","ping_status":"open","sticky":false,"template":"","format":"standard","meta":{"jnews-multi-image_gallery":[],"jnews_single_post":[],"jnews_primary_category":[],"jnews_override_counter":[],"footnotes":""},"categories":[42],"tags":[636,17279,301,302,17278,1057,3351,17280],"class_list":["post-14761","post","type-post","status-publish","format-standard","has-post-thumbnail","hentry","category-politica","tag-coalitie","tag-extreme-dreapta","tag-guvern","tag-ilie-bolojan","tag-partide-pro-europene","tag-reforme","tag-social-democrati","tag-sprijin-electoral"],"_links":{"self":[{"href":"https:\/\/www.newsrecorder.ro\/app\/wp-json\/wp\/v2\/posts\/14761","targetHints":{"allow":["GET"]}}],"collection":[{"href":"https:\/\/www.newsrecorder.ro\/app\/wp-json\/wp\/v2\/posts"}],"about":[{"href":"https:\/\/www.newsrecorder.ro\/app\/wp-json\/wp\/v2\/types\/post"}],"author":[{"embeddable":true,"href":"https:\/\/www.newsrecorder.ro\/app\/wp-json\/wp\/v2\/users\/2"}],"replies":[{"embeddable":true,"href":"https:\/\/www.newsrecorder.ro\/app\/wp-json\/wp\/v2\/comments?post=14761"}],"version-history":[{"count":0,"href":"https:\/\/www.newsrecorder.ro\/app\/wp-json\/wp\/v2\/posts\/14761\/revisions"}],"wp:featuredmedia":[{"embeddable":true,"href":"https:\/\/www.newsrecorder.ro\/app\/wp-json\/wp\/v2\/media\/14762"}],"wp:attachment":[{"href":"https:\/\/www.newsrecorder.ro\/app\/wp-json\/wp\/v2\/media?parent=14761"}],"wp:term":[{"taxonomy":"category","embeddable":true,"href":"https:\/\/www.newsrecorder.ro\/app\/wp-json\/wp\/v2\/categories?post=14761"},{"taxonomy":"post_tag","embeddable":true,"href":"https:\/\/www.newsrecorder.ro\/app\/wp-json\/wp\/v2\/tags?post=14761"}],"curies":[{"name":"wp","href":"https:\/\/api.w.org\/{rel}","templated":true}]}}