{"id":1479,"date":"2026-02-03T15:53:53","date_gmt":"2026-02-03T15:53:53","guid":{"rendered":"https:\/\/www.newsrecorder.ro\/app\/2026\/02\/03\/calin-georgescu-sub-control-judiciar-mesajul-surpriza-pentru-guvern\/"},"modified":"2026-02-03T15:53:53","modified_gmt":"2026-02-03T15:53:53","slug":"calin-georgescu-sub-control-judiciar-mesajul-surpriza-pentru-guvern","status":"publish","type":"post","link":"https:\/\/www.newsrecorder.ro\/app\/2026\/02\/03\/calin-georgescu-sub-control-judiciar-mesajul-surpriza-pentru-guvern\/","title":{"rendered":"C\u0103lin Georgescu sub control judiciar: Mesajul surpriz\u0103 pentru Guvern!"},"content":{"rendered":"<p>C\u0103lin Georgescu, cunoscut ca fost candidat la alegerile preziden\u021biale, s-a prezentat mar\u021bi la sediul Poli\u021biei Buftea, unde a semnat documentele necesare pentru controlul judiciar.<\/p>\n<p>La ie\u0219irea din sediul poli\u021biei, Georgescu a oferit declara\u021bii jurnali\u0219tilor prezen\u021bi, abord\u00e2nd teme relevante pentru actualitatea politic\u0103 \u0219i economic\u0103 a Rom\u00e2niei.<\/p>\n<p>\u201eCu c\u00e2t nedreptatea este mai mare, cu at\u00e2t Dumnezeu \u00eemi face o mai mare cinste. Vreau s\u0103 mul\u021bumesc aparatului de protec\u021bie public\u0103, jandarmeriei \u0219i poli\u021biei, pentru profesionalismul de care dau dovad\u0103. Se vede c\u0103 au grij\u0103 de poporul rom\u00e2n. \u00cen campania electoral\u0103 din 2024, am afirmat un lucru esen\u021bial: \u201e\u00eempreun\u0103 schimb\u0103m sistemul, nu oamenii\u201d. Din p\u0103cate, acum s-au schimbat doar oamenii de la v\u00e2rf, \u00een timp ce sistemul a r\u0103mas neschimbat. Miza real\u0103 este reformarea sistemului economic\u201d, a declarat C\u0103lin Georgescu.<\/p>\n<p>Fostul candidat a criticat vehement solu\u021biile economice avansate de Guvern, avertiz\u00e2nd c\u0103 acestea ar putea agrava problemele existente \u00een societate. \u201eSolu\u021biile economice propuse risc\u0103 s\u0103 accentueze dificult\u0103\u021bile pe care se pretinde c\u0103 le rezolv\u0103 actuala putere. Un stat care \u00ee\u0219i risipe\u0219te resursele \u00een afaceri externe, ignor\u00e2nd s\u0103r\u0103cia \u0219i condi\u021biile de via\u021b\u0103 \u00een interior, \u00ee\u0219i pierde legitimitatea moral\u0103. Nu po\u021bi s\u0103 iei de la cei slabi pentru a acoperi risipa celor afla\u021bi la putere. Aceasta nu mai este economie, ci o form\u0103 grav\u0103 de nedreptate social\u0103\u201d, a ad\u0103ugat el.<\/p>\n<p>\u00cen continuare, Georgescu a transmis un mesaj clar Guvernului Rom\u00e2niei. \u201eVreau s\u0103 subliniez c\u0103 este esen\u021bial ca Rom\u00e2nia s\u0103 se concentreze pe produc\u021bie, nu s\u0103 consume ceea ce produc al\u021bii. Aceasta este tema pe care trebuie s\u0103 o respecte. Banii trebuie s\u0103 circule \u00een interiorul \u021b\u0103rii, iar o na\u021biune care produce are libertate economic\u0103 \u0219i suveranitate\u201d, a concluzionat fostul preziden\u021biabil.<\/p>\n<p>Este de men\u021bionat c\u0103 C\u0103lin Georgescu a fost plasat sub control judiciar pentru prima dat\u0103 \u00een ianuarie 2025, fiind trimis \u00een judecat\u0103 de procurorii Parchetului General pentru acuza\u021bia de propagand\u0103 legionar\u0103.<\/p>\n","protected":false},"excerpt":{"rendered":"<p>C\u0103lin Georgescu, cunoscut ca fost candidat la alegerile preziden\u021biale, s-a prezentat mar\u021bi la sediul Poli\u021biei Buftea, unde a semnat documentele necesare pentru controlul judiciar. La ie\u0219irea din sediul poli\u021biei, Georgescu a oferit declara\u021bii jurnali\u0219tilor prezen\u021bi, abord\u00e2nd teme relevante pentru actualitatea politic\u0103 \u0219i economic\u0103 a Rom\u00e2niei. \u201eCu c\u00e2t nedreptatea este mai mare, cu at\u00e2t Dumnezeu \u00eemi [&hellip;]<\/p>\n","protected":false},"author":2,"featured_media":1480,"comment_status":"open","ping_status":"open","sticky":false,"template":"","format":"standard","meta":{"jnews-multi-image_gallery":[],"jnews_single_post":[],"jnews_primary_category":[],"jnews_override_counter":[],"footnotes":""},"categories":[42],"tags":[2619,2618,1055,2620,301,2623,2621,2622],"class_list":["post-1479","post","type-post","status-publish","format-standard","has-post-thumbnail","hentry","category-politica","tag-alegeri-prezidentiale","tag-calin-georgescu","tag-campanie-electorala","tag-control-judiciar","tag-guvern","tag-nedreptate","tag-politica-romana","tag-reforma-economica"],"_links":{"self":[{"href":"https:\/\/www.newsrecorder.ro\/app\/wp-json\/wp\/v2\/posts\/1479","targetHints":{"allow":["GET"]}}],"collection":[{"href":"https:\/\/www.newsrecorder.ro\/app\/wp-json\/wp\/v2\/posts"}],"about":[{"href":"https:\/\/www.newsrecorder.ro\/app\/wp-json\/wp\/v2\/types\/post"}],"author":[{"embeddable":true,"href":"https:\/\/www.newsrecorder.ro\/app\/wp-json\/wp\/v2\/users\/2"}],"replies":[{"embeddable":true,"href":"https:\/\/www.newsrecorder.ro\/app\/wp-json\/wp\/v2\/comments?post=1479"}],"version-history":[{"count":0,"href":"https:\/\/www.newsrecorder.ro\/app\/wp-json\/wp\/v2\/posts\/1479\/revisions"}],"wp:featuredmedia":[{"embeddable":true,"href":"https:\/\/www.newsrecorder.ro\/app\/wp-json\/wp\/v2\/media\/1480"}],"wp:attachment":[{"href":"https:\/\/www.newsrecorder.ro\/app\/wp-json\/wp\/v2\/media?parent=1479"}],"wp:term":[{"taxonomy":"category","embeddable":true,"href":"https:\/\/www.newsrecorder.ro\/app\/wp-json\/wp\/v2\/categories?post=1479"},{"taxonomy":"post_tag","embeddable":true,"href":"https:\/\/www.newsrecorder.ro\/app\/wp-json\/wp\/v2\/tags?post=1479"}],"curies":[{"name":"wp","href":"https:\/\/api.w.org\/{rel}","templated":true}]}}