{"id":14791,"date":"2026-04-20T19:18:58","date_gmt":"2026-04-20T19:18:58","guid":{"rendered":"https:\/\/www.newsrecorder.ro\/app\/2026\/04\/20\/tragedie-pe-circuit-un-pilot-a-murit-sase-raniti-in-germania\/"},"modified":"2026-04-20T19:18:58","modified_gmt":"2026-04-20T19:18:58","slug":"tragedie-pe-circuit-un-pilot-a-murit-sase-raniti-in-germania","status":"publish","type":"post","link":"https:\/\/www.newsrecorder.ro\/app\/2026\/04\/20\/tragedie-pe-circuit-un-pilot-a-murit-sase-raniti-in-germania\/","title":{"rendered":"Tragedie pe circuit: Un pilot a murit, \u0219ase r\u0103ni\u021bi \u00een Germania!"},"content":{"rendered":"<p>\u00cen urma unui incident tragic petrecut \u00een timpul cursei de 24 de ore de la N\u00fcrburgring, organizatorii au decis s\u0103 opreasc\u0103 imediat competi\u021bia. Accidentul a implicat \u0219apte pilo\u021bi \u0219i a dus la interven\u021bia rapid\u0103 a serviciilor de urgen\u021b\u0103. Din p\u0103cate, eforturile medicilor de a-l salva pe pilotul Juha Miettinen s-au dovedit a fi zadarnice, acesta deced\u00e2nd la centrul medical dup\u0103 ce a fost scos din vehicul, conform unui raport publicat de <a href=\"https:\/\/www.theguardian.com\/sport\/2026\/apr\/18\/racing-driver-juha-miettinen-killed-and-six-injured-at-24-hour-nurburgring-race\" target=\"_blank\" rel=\"noopener\">The Guardian<\/a>.<\/p>\n<p>Max Verstappen, unul dintre cei mai cunoscu\u021bi pilo\u021bi de Formula 1, a exprimat \u0219ocul s\u0103u fa\u021b\u0103 de aceast\u0103 tragedie printr-o postare pe Instagram Stories. El a declarat: \u201eSunt \u0219ocat de ceea ce s-a \u00eent\u00e2mplat ast\u0103zi. Sportul cu motor este ceva ce iubim cu to\u021bii, dar \u00een vremuri ca acestea este o reamintire a c\u00e2t de periculos poate fi. Transmit sincere condolean\u021be familiei \u0219i celor dragi ai lui Juha.\u201d<\/p>\n<p>\u00cen comunicatul oficial al organizatorilor, se men\u021bioneaz\u0103: \u201e\u00cen urma coliziunii dintre mai multe vehicule, conducerea cursei a decis s\u0103 opreasc\u0103 imediat competi\u021bia pentru a facilita opera\u021biunile de salvare \u0219i recuperare. Din p\u0103cate, \u00een ciuda sosirii rapide a echipelor de urgen\u021b\u0103, medicii nu au reu\u0219it s\u0103-l salveze pe Juha Miettinen, care a decedat la centrul medical dup\u0103 \u00eencerc\u0103rile de resuscitare.\u201d<\/p>\n<p>Pe l\u00e2ng\u0103 Miettinen, ceilal\u021bi \u0219ase pilo\u021bi implica\u021bi \u00een accident au fost transporta\u021bi la Centrul Medical \u0219i la spitalele din apropiere pentru evalu\u0103ri preventive. Organizatorii au asigurat c\u0103 niciunul dintre ace\u0219tia nu se afl\u0103 \u00een stare critic\u0103. De asemenea, s-a anun\u021bat c\u0103 cursa nu va fi reluat\u0103 s\u00e2mb\u0103t\u0103 seara, iar g\u00e2ndurile tuturor participan\u021bilor la competi\u021bie sunt al\u0103turi de familia \u00eendoliat\u0103 a lui Juha Miettinen.<\/p>\n<p>\u00cen semn de respect, organizatorii au confirmat c\u0103 va avea loc un minut de reculegere \u00een onoarea lui Miettinen, \u00een timpul form\u0103rii grilei de start, c\u00e2nd competi\u021bia va re\u00eencepe duminic\u0103, la ora 13:00, ora local\u0103.<\/p>\n","protected":false},"excerpt":{"rendered":"<p>\u00cen urma unui incident tragic petrecut \u00een timpul cursei de 24 de ore de la N\u00fcrburgring, organizatorii au decis s\u0103 opreasc\u0103 imediat competi\u021bia. Accidentul a implicat \u0219apte pilo\u021bi \u0219i a dus la interven\u021bia rapid\u0103 a serviciilor de urgen\u021b\u0103. Din p\u0103cate, eforturile medicilor de a-l salva pe pilotul Juha Miettinen s-au dovedit a fi zadarnice, acesta [&hellip;]<\/p>\n","protected":false},"author":6,"featured_media":14792,"comment_status":"open","ping_status":"open","sticky":false,"template":"","format":"standard","meta":{"jnews-multi-image_gallery":[],"jnews_single_post":[],"jnews_primary_category":[],"jnews_override_counter":[],"footnotes":""},"categories":[46],"tags":[955,56,6250,17044,4221,17042,5022,1304],"class_list":["post-14791","post","type-post","status-publish","format-standard","has-post-thumbnail","hentry","category-sport","tag-accident","tag-competitie","tag-formula-1","tag-juha-miettinen","tag-max-verstappen","tag-nurburgring","tag-servicii-de-urgenta","tag-tragedie"],"_links":{"self":[{"href":"https:\/\/www.newsrecorder.ro\/app\/wp-json\/wp\/v2\/posts\/14791","targetHints":{"allow":["GET"]}}],"collection":[{"href":"https:\/\/www.newsrecorder.ro\/app\/wp-json\/wp\/v2\/posts"}],"about":[{"href":"https:\/\/www.newsrecorder.ro\/app\/wp-json\/wp\/v2\/types\/post"}],"author":[{"embeddable":true,"href":"https:\/\/www.newsrecorder.ro\/app\/wp-json\/wp\/v2\/users\/6"}],"replies":[{"embeddable":true,"href":"https:\/\/www.newsrecorder.ro\/app\/wp-json\/wp\/v2\/comments?post=14791"}],"version-history":[{"count":0,"href":"https:\/\/www.newsrecorder.ro\/app\/wp-json\/wp\/v2\/posts\/14791\/revisions"}],"wp:featuredmedia":[{"embeddable":true,"href":"https:\/\/www.newsrecorder.ro\/app\/wp-json\/wp\/v2\/media\/14792"}],"wp:attachment":[{"href":"https:\/\/www.newsrecorder.ro\/app\/wp-json\/wp\/v2\/media?parent=14791"}],"wp:term":[{"taxonomy":"category","embeddable":true,"href":"https:\/\/www.newsrecorder.ro\/app\/wp-json\/wp\/v2\/categories?post=14791"},{"taxonomy":"post_tag","embeddable":true,"href":"https:\/\/www.newsrecorder.ro\/app\/wp-json\/wp\/v2\/tags?post=14791"}],"curies":[{"name":"wp","href":"https:\/\/api.w.org\/{rel}","templated":true}]}}