{"id":14835,"date":"2026-04-20T20:43:15","date_gmt":"2026-04-20T20:43:15","guid":{"rendered":"https:\/\/www.newsrecorder.ro\/app\/2026\/04\/20\/jaful-de-la-drents-descopera-coiful-pierdut-al-tezaurului-getic\/"},"modified":"2026-04-20T20:43:15","modified_gmt":"2026-04-20T20:43:15","slug":"jaful-de-la-drents-descopera-coiful-pierdut-al-tezaurului-getic","status":"publish","type":"post","link":"https:\/\/www.newsrecorder.ro\/app\/2026\/04\/20\/jaful-de-la-drents-descopera-coiful-pierdut-al-tezaurului-getic\/","title":{"rendered":"Jaful de la Drents: Descoper\u0103 coiful pierdut al Tezaurului Getic!"},"content":{"rendered":"<p>Jaful de la Muzeul Drents din anul trecut ar fi putut avea consecin\u021be \u0219i mai grave, av\u00e2nd \u00een vedere c\u0103 ho\u021bii au \u00eencercat s\u0103 fure un obiect de o valoare excep\u021bional\u0103: un coif din Tezaurul Princiar Getic de la Cucuteni-B\u0103iceni, evaluat la impresionanta sum\u0103 de 3,2 milioane de euro.<\/p>\n<p>Din fericire, vitrina \u00een care era expus acest artefact era bine securizat\u0103, iar cele \u0219apte lovituri de baros aplicate de infractori nu au reu\u0219it s\u0103 o sparg\u0103, \u00een ciuda pagubelor considerabile generate de atac.<\/p>\n<p>Conform documentelor depuse \u00een cadrul procesului, vitrina a fost lovit\u0103 de \u0219apte ori cu un baros, dar a rezistat cu succes atacului, a\u0219a cum a raportat <a href=\"https:\/\/www.rtvdrenthe.nl\/nieuws\/18362265\/ook-tweede-gouden-helm-van-3-2-miljoen-euro-was-doelwit-van-kunstroof\">rtvdrenthe.nl<\/a>.<\/p>\n<p>\u00cen urma acestui incident, ho\u021bii au reu\u0219it s\u0103 fure alte piese extrem de valoroase, inclusiv <a style=\"color: #0000ff\" href=\"https:\/\/www.mediafax.ro\/cultura-media\/ziua-2-in-procesul-jafului-tezaurului-dacic-pledoariile-avocatilor-elefantul-din-camera-unde-e-a-treia-bratara-23721062\">coiful de aur de la Co\u021bofene\u0219ti<\/a>, considerat piesa de rezisten\u021b\u0103 a expozi\u021biei, al\u0103turi de trei br\u0103\u021b\u0103ri din aur. Opera\u021biunea a avut o durat\u0103 uimitoare de sub un minut, dup\u0103 care infractorii au p\u0103r\u0103sit rapid muzeul.<\/p>\n<p>Dup\u0103 c\u00e2teva s\u0103pt\u0103m\u00e2ni, coiful de la Co\u021bofene\u0219ti \u0219i dou\u0103 dintre cele trei br\u0103\u021b\u0103ri au fost recuperate \u00een urma unei \u00een\u021belegeri \u00eentre Parchet \u0219i doi dintre suspec\u021bi.<\/p>\n<p>\u00cen ceea ce prive\u0219te pedepsele, pentru cei doi inculpa\u021bi care au acceptat acordul cu procurorii, a fost cerut\u0103 o pedeaps\u0103 de trei ani \u0219i opt luni de \u00eenchisoare. \u00cen contrast, pentru al treilea suspect, care nu a acceptat un acord \u0219i \u00ee\u0219i sus\u021bine nevinov\u0103\u021bia, procurorii solicit\u0103 o pedeaps\u0103 mai sever\u0103 de 5,5 ani de deten\u021bie.<\/p>\n<p>Coiful de la Cucuteni-B\u0103iceni, vizat \u00een tentativa de furt, este recunoscut ca unul dintre cele mai rare artefacte descoperite \u00een Rom\u00e2nia. \u00cempreun\u0103 cu coiful de la Co\u021bofene\u0219ti, acesta este singurul coif realizat complet din aur.<\/p>\n<p>Descoperit \u00een anul 1959 \u0219i dat\u00e2nd din secolul al V-lea \u00ee.Hr., coiful de la Cucuteni-B\u0103iceni este mai vechi dec\u00e2t cel de la Co\u021bofene\u0219ti, realizat \u00een secolul urm\u0103tor. De asemenea, acesta are dimensiuni mai mari, m\u0103sur\u00e2nd 34,5 centimetri \u00een\u0103l\u021bime \u0219i av\u00e2nd aproximativ 500 de grame, comparativ cu dimensiunile mai reduse ale piesei deja furate.<\/p>\n<p>De\u0219i nu este at\u00e2t de cunoscut publicului larg, coiful de la Cucuteni-B\u0103iceni este considerat o pies\u0103 de o valoare excep\u021bional\u0103. Pe de alt\u0103 parte, coiful de la Co\u021bofene\u0219ti este adesea comparat cu \u201eRondul de noapte\u201d al Rom\u00e2niei, fiind una dintre cele mai reprezentative opere ale patrimoniului na\u021bional.<\/p>\n<p>Procesul \u00eempotriva celor trei suspec\u021bi continu\u0103, instan\u021ba urm\u00e2nd s\u0103 audieze pledoariile ap\u0103r\u0103rii. Avoca\u021bii celor doi inculpa\u021bi care au ajuns la un acord cu Parchetul au anun\u021bat c\u0103 vor face interven\u021bii scurte, \u00een timp ce ap\u0103rarea celui de-al treilea suspect ar putea necesita mai mult timp pentru a-\u0219i sus\u021bine argumentele.<\/p>\n<p>Audierea este programat\u0103 pentru ziua de vineri, \u00eens\u0103 exist\u0103 posibilitatea ca dezbaterile s\u0103 se finalizeze mai devreme.<\/p>\n","protected":false},"excerpt":{"rendered":"<p>Jaful de la Muzeul Drents din anul trecut ar fi putut avea consecin\u021be \u0219i mai grave, av\u00e2nd \u00een vedere c\u0103 ho\u021bii au \u00eencercat s\u0103 fure un obiect de o valoare excep\u021bional\u0103: un coif din Tezaurul Princiar Getic de la Cucuteni-B\u0103iceni, evaluat la impresionanta sum\u0103 de 3,2 milioane de euro. Din fericire, vitrina \u00een care era [&hellip;]<\/p>\n","protected":false},"author":7,"featured_media":14836,"comment_status":"open","ping_status":"open","sticky":false,"template":"","format":"standard","meta":{"jnews-multi-image_gallery":[],"jnews_single_post":[],"jnews_primary_category":[],"jnews_override_counter":[],"footnotes":""},"categories":[43],"tags":[13868,17313,14544,17312,17144,4114,1008,4256],"class_list":["post-14835","post","type-post","status-publish","format-standard","has-post-thumbnail","hentry","category-cultura","tag-artefact","tag-baros","tag-coif","tag-cucuteni","tag-hoti","tag-jaful","tag-muzeul-drents","tag-tezaur"],"_links":{"self":[{"href":"https:\/\/www.newsrecorder.ro\/app\/wp-json\/wp\/v2\/posts\/14835","targetHints":{"allow":["GET"]}}],"collection":[{"href":"https:\/\/www.newsrecorder.ro\/app\/wp-json\/wp\/v2\/posts"}],"about":[{"href":"https:\/\/www.newsrecorder.ro\/app\/wp-json\/wp\/v2\/types\/post"}],"author":[{"embeddable":true,"href":"https:\/\/www.newsrecorder.ro\/app\/wp-json\/wp\/v2\/users\/7"}],"replies":[{"embeddable":true,"href":"https:\/\/www.newsrecorder.ro\/app\/wp-json\/wp\/v2\/comments?post=14835"}],"version-history":[{"count":0,"href":"https:\/\/www.newsrecorder.ro\/app\/wp-json\/wp\/v2\/posts\/14835\/revisions"}],"wp:featuredmedia":[{"embeddable":true,"href":"https:\/\/www.newsrecorder.ro\/app\/wp-json\/wp\/v2\/media\/14836"}],"wp:attachment":[{"href":"https:\/\/www.newsrecorder.ro\/app\/wp-json\/wp\/v2\/media?parent=14835"}],"wp:term":[{"taxonomy":"category","embeddable":true,"href":"https:\/\/www.newsrecorder.ro\/app\/wp-json\/wp\/v2\/categories?post=14835"},{"taxonomy":"post_tag","embeddable":true,"href":"https:\/\/www.newsrecorder.ro\/app\/wp-json\/wp\/v2\/tags?post=14835"}],"curies":[{"name":"wp","href":"https:\/\/api.w.org\/{rel}","templated":true}]}}