{"id":14857,"date":"2026-04-20T22:49:28","date_gmt":"2026-04-20T22:49:28","guid":{"rendered":"https:\/\/www.newsrecorder.ro\/app\/2026\/04\/20\/tim-cook-isi-preda-stafeta-apple-isi-cauta-noul-ceo-in-septembrie\/"},"modified":"2026-04-20T22:49:28","modified_gmt":"2026-04-20T22:49:28","slug":"tim-cook-isi-preda-stafeta-apple-isi-cauta-noul-ceo-in-septembrie","status":"publish","type":"post","link":"https:\/\/www.newsrecorder.ro\/app\/2026\/04\/20\/tim-cook-isi-preda-stafeta-apple-isi-cauta-noul-ceo-in-septembrie\/","title":{"rendered":"Tim Cook \u00ee\u0219i pred\u0103 \u0219tafeta: Apple \u00ee\u0219i caut\u0103 noul CEO \u00een septembrie!"},"content":{"rendered":"<p>Luni, Apple a anun\u021bat c\u0103 Tim Cook va r\u0103m\u00e2ne \u00een func\u021bia de CEO p\u00e2n\u0103 la sf\u00e2r\u0219itul verii, pentru a asigura o tranzi\u021bie lin\u0103. Dup\u0103 \u00eencheierea acestui mandat, el va prelua rolul de pre\u0219edinte executiv al Consiliului de Administra\u021bie, conform <a style=\"color: #0000ff\" href=\"https:\/\/edition.cnn.com\/2026\/04\/20\/tech\/apple-ceo-tim-cook-steps-down\">CNN<\/a>.<\/p>\n<p>Tim Cook a declarat: \u201eA fost cel mai mare privilegiu al vie\u021bii mele s\u0103 fiu CEO al Apple \u0219i s\u0103 mi se \u00eencredin\u021beze conducerea unei companii at\u00e2t de extraordinare.\u201d<\/p>\n<p>Prelu\u00e2nd conducerea Apple \u00een 2011, Tim Cook l-a succedat pe Steve Jobs, iar sub conducerea sa, compania a atins o valoare impresionant\u0103 de aproximativ 4 trilioane de dolari. Cook a fost responsabil pentru extinderea portofoliului de produse, dincolo de clasicele Mac, iPhone \u0219i iPod, incluz\u00e2nd noi inova\u021bii \u00een domeniul divertismentului, cum ar fi Apple TV, AirPods \u0219i Apple Watch.<\/p>\n<p>Cu toate acestea, \u00een ultimii ani, unele dintre ini\u021biativele companiei nu au avut succesul scontat. De exemplu, dispozitivul Vision Pro nu a reu\u0219it s\u0103 c\u00e2\u0219tige popularitatea dorit\u0103, iar Apple a \u00eent\u00e2mpinat \u00eent\u00e2rzieri \u00een actualizarea sistemului Siri, o actualizare important\u0103 care ar fi trebuit s\u0103 o alinieze la gigan\u021bii inteligen\u021bei artificiale, precum OpenAI \u0219i Gemini.<\/p>\n<p>Noul director general, John Ternus, face parte din echipa Apple din 2001. Cariera sa a \u00eenceput \u00een departamentul de design, iar de-a lungul timpului a avansat \u00een ierarhia companiei, ating\u00e2nd pozi\u021bia de vicepre\u0219edinte senior pentru inginerie hardware.<\/p>\n<p>\u201eSunt onorat s\u0103 preiau acest rol \u0219i promit s\u0103 conduc cu valorile \u0219i viziunea care au definit acest loc special timp de o jum\u0103tate de secol\u201d, a declarat Ternus.<\/p>\n","protected":false},"excerpt":{"rendered":"<p>Luni, Apple a anun\u021bat c\u0103 Tim Cook va r\u0103m\u00e2ne \u00een func\u021bia de CEO p\u00e2n\u0103 la sf\u00e2r\u0219itul verii, pentru a asigura o tranzi\u021bie lin\u0103. Dup\u0103 \u00eencheierea acestui mandat, el va prelua rolul de pre\u0219edinte executiv al Consiliului de Administra\u021bie, conform CNN. Tim Cook a declarat: \u201eA fost cel mai mare privilegiu al vie\u021bii mele s\u0103 fiu [&hellip;]<\/p>\n","protected":false},"author":2,"featured_media":14858,"comment_status":"open","ping_status":"open","sticky":false,"template":"","format":"standard","meta":{"jnews-multi-image_gallery":[],"jnews_single_post":[],"jnews_primary_category":[],"jnews_override_counter":[],"footnotes":""},"categories":[41],"tags":[1637,3993,6081,4767,11935,17349,6498,17350],"class_list":["post-14857","post","type-post","status-publish","format-standard","has-post-thumbnail","hentry","category-externe","tag-apple","tag-ceo","tag-consiliul-de-administratie","tag-inovatii","tag-produse","tag-tim-cook","tag-valoare-de-piata","tag-vision-pro"],"_links":{"self":[{"href":"https:\/\/www.newsrecorder.ro\/app\/wp-json\/wp\/v2\/posts\/14857","targetHints":{"allow":["GET"]}}],"collection":[{"href":"https:\/\/www.newsrecorder.ro\/app\/wp-json\/wp\/v2\/posts"}],"about":[{"href":"https:\/\/www.newsrecorder.ro\/app\/wp-json\/wp\/v2\/types\/post"}],"author":[{"embeddable":true,"href":"https:\/\/www.newsrecorder.ro\/app\/wp-json\/wp\/v2\/users\/2"}],"replies":[{"embeddable":true,"href":"https:\/\/www.newsrecorder.ro\/app\/wp-json\/wp\/v2\/comments?post=14857"}],"version-history":[{"count":0,"href":"https:\/\/www.newsrecorder.ro\/app\/wp-json\/wp\/v2\/posts\/14857\/revisions"}],"wp:featuredmedia":[{"embeddable":true,"href":"https:\/\/www.newsrecorder.ro\/app\/wp-json\/wp\/v2\/media\/14858"}],"wp:attachment":[{"href":"https:\/\/www.newsrecorder.ro\/app\/wp-json\/wp\/v2\/media?parent=14857"}],"wp:term":[{"taxonomy":"category","embeddable":true,"href":"https:\/\/www.newsrecorder.ro\/app\/wp-json\/wp\/v2\/categories?post=14857"},{"taxonomy":"post_tag","embeddable":true,"href":"https:\/\/www.newsrecorder.ro\/app\/wp-json\/wp\/v2\/tags?post=14857"}],"curies":[{"name":"wp","href":"https:\/\/api.w.org\/{rel}","templated":true}]}}