{"id":14863,"date":"2026-04-20T22:50:27","date_gmt":"2026-04-20T22:50:27","guid":{"rendered":"https:\/\/www.newsrecorder.ro\/app\/2026\/04\/20\/trump-frustrari-in-razboiul-din-iran-detalii-exclusive-din-casa-alba\/"},"modified":"2026-04-20T22:50:27","modified_gmt":"2026-04-20T22:50:27","slug":"trump-frustrari-in-razboiul-din-iran-detalii-exclusive-din-casa-alba","status":"publish","type":"post","link":"https:\/\/www.newsrecorder.ro\/app\/2026\/04\/20\/trump-frustrari-in-razboiul-din-iran-detalii-exclusive-din-casa-alba\/","title":{"rendered":"Trump: Frustr\u0103ri \u00een r\u0103zboiul din Iran &#8211; Detalii exclusive din Casa Alb\u0103!"},"content":{"rendered":"<p class=\"p1\">Pre\u0219edintele Donald Trump a anun\u021bat luni diminea\u021b\u0103 c\u0103 un <strong><a style=\"color: #0000ff\" href=\"https:\/\/www.mediafax.ro\/stirile-zilei\/surse-pakistaneze-delegatia-iraniana-va-participa-la-discutiile-cu-sua-23722924\">acord de pace cu Iranul<\/a><\/strong> va fi semnat \u201east\u0103zi\u201d la Islamabad, ad\u0103ug\u00e2nd c\u0103 vicepre\u0219edintele Vance se \u00eendrepta spre locul negocierilor. Totu\u0219i, realitatea era diferit\u0103; Vance se afla \u00eenc\u0103 \u00een Washington, a\u0219tept\u00e2nd un semnal din partea Teheranului, ceea ce sublinia incertitudinea profund\u0103 ce plana asupra situa\u021biei.<\/p>\n<p class=\"p1\"><strong><a style=\"color: #0000ff\" href=\"https:\/\/www.axios.com\/2026\/04\/20\/trump-iran-deal-confusion\">Axios<\/a><\/strong> a raportat c\u0103 \u201eTrump dore\u0219te ca r\u0103zboiul s\u0103 se \u00eencheie acum, \u00een termenii s\u0103i. Cu doar o zi r\u0103mas\u0103 p\u00e2n\u0103 la expirarea armisti\u021biului, Iranul controleaz\u0103 \u00eenc\u0103 Str\u00e2mtoarea Ormuz, iar p\u0103r\u021bile nu au reu\u0219it s\u0103 stabileasc\u0103 o \u00eent\u00e2lnire. Acest lucru sugereaz\u0103 c\u0103 r\u0103zboiul s-ar putea extinde semnificativ.\u201d<\/p>\n<p id=\"caption-attachment-23723286\" class=\"wp-caption-text\">11 Aprilie 2026, SUA, Washington: Pre\u0219edintele Donald Trump vorbe\u0219te cu jurnali\u0219tii \u00eenainte de a urca la bordul Marine One pe gazonul sudic al Casei Albe. Foto: Andrew Leyden\/ZUMA Press Wire\/dpa<\/p>\n<p class=\"p1\">\u201eTrump vrea s\u0103 se termine. Nu \u00eei place c\u0103 Iranul men\u021bine controlul asupra str\u00e2mtorii \u0219i nu mai vrea s\u0103 lupte. Totu\u0219i, este preg\u0103tit s\u0103 continue conflictul dac\u0103 simte c\u0103 este necesar\u201d, a declarat un oficial al administra\u021biei pentru Axios.<\/p>\n<p class=\"p1\">S\u0103pt\u0103m\u00e2na trecut\u0103, au existat progrese \u00een negocierile de pace, iar declara\u021biile optimiste ale lui Trump p\u0103reau s\u0103 ofere speran\u021b\u0103. Ministrul iranian de externe, Abbas Araghchi, a anun\u021bat c\u0103 str\u00e2mtoarea este \u201ecomplet deschis\u0103\u201d, iar pie\u021bele globale au reac\u021bionat pozitiv.<\/p>\n<p class=\"p1\">Totu\u0219i, \u00een decurs de 24 de ore, situa\u021bia s-a deteriorat rapid. Dup\u0103 declara\u021biile lui Araghchi, Corpul G\u0103rzilor Revolu\u021bionare Islamice (IRGC) a atacat petrolierelor care \u00eencercau s\u0103 traverseze str\u00e2mtoarea, invoc\u00e2nd reticen\u021ba lui Trump de a ridica blocada.<\/p>\n<p class=\"p1\">Oficialii americani au interpretat acest incident ca o dovad\u0103 a diviziunii interne din Iran, \u00eentre pre\u0219edintele Parlamentului, Mohammad-Bagher Ghalibaf, \u0219i comandantul IRGC, generalul Ahmad Vahidi. \u201eCredeam c\u0103 negociaz\u0103 cu oamenii potrivi\u021bi, dar s-a dovedit c\u0103 echipa iranian\u0103 a fost supus\u0103 presiunii din partea IRGC\u201d, a declarat un oficial superior al administra\u021biei.<\/p>\n<p class=\"p1\">\u201eAcum exist\u0103 o diviziune real\u0103 \u00eentre aceste fac\u021biuni, iar noi nu suntem siguri cine va c\u00e2\u0219tiga. Sper\u0103m c\u0103 echipa cu care am negociat va avea succes\u201d, a ad\u0103ugat oficialul. Un alt oficial american a recunoscut: \u201eNu suntem siguri cine este la conducere \u0219i nici ei nu sunt.\u201d<\/p>\n<p class=\"p1\">\u00cen ziua urm\u0103toare, SUA au intensificat atacurile, tr\u0103g\u00e2nd asupra unei nave de marf\u0103 sub pavilion iranian \u0219i confisc\u00e2nd-o \u00een Golful Oman. Comentariile lui Trump au amplificat confuzia, el altern\u00e2nd \u00eentre amenin\u021b\u0103ri \u0219i optimism, f\u0103c\u00e2nd declara\u021bii contradictorii despre cine din echipa sa urma s\u0103 mearg\u0103 \u00een Pakistan.<\/p>\n<p class=\"p1\">Pe fondul afirma\u021biilor c\u0103 un acord este aproape, Trump a amenin\u021bat cu distrugerea infrastructurii din Iran, iar Teheranul a \u00eenceput s\u0103 suspecteze c\u0103 diploma\u021bia nu este dec\u00e2t o acoperire pentru un atac militar.<\/p>\n<p class=\"p1\">\u201eRespectarea angajamentelor este esen\u021bial\u0103 pentru un dialog semnificativ\u201d, a scris pre\u0219edintele iranian Masoud Pezeshkian pe platforma X, subliniind ne\u00eencrederea profund\u0103 a Iranului \u00een negocierile cu guvernul american.<\/p>\n<p class=\"p1\">Mediatori pakistanezi au \u00eencercat s\u0103 readuc\u0103 procesul pe calea cea bun\u0103, transmi\u021b\u00e2nd propuneri \u00eentre p\u0103r\u021bi. Cel mai recent proiect acoper\u0103 aspecte precum \u201esanc\u021biuni, \u00eembog\u0103\u021bire, finan\u021bare, material nuclear \u0219i viitorul rela\u021biilor\u201d. \u00cen ciuda declara\u021biilor lui Trump, Iranul nu a fost de acord s\u0103 renun\u021be definitiv la \u00eembog\u0103\u021bire.<\/p>\n<p class=\"p1\">Oficialii administra\u021biei au recunoscut c\u0103 ar putea dezghe\u021ba fondurile iraniene pentru un acord corect, av\u00e2nd \u00een vedere presiunea economic\u0103 intens\u0103 la care este supus Iranul. \u201eIranienii vor bani, acces la resursele lor \u0219i ridicarea sanc\u021biunilor\u201d, a declarat un oficial.<\/p>\n<p class=\"p1\">Trump \u0219i echipa sa analizeaz\u0103 acum perspectivele unei noi campanii militare, inclusiv op\u021biuni pentru o eventual\u0103 ac\u021biune asupra insulei strategice Kharg. De\u0219i Trump a declarat c\u0103 bombardamentele vor dura \u0219ase s\u0103pt\u0103m\u00e2ni, oficialii sugereaz\u0103 c\u0103 aceasta ar putea fi doar \u201eprima faz\u0103\u201d a unei strategii mai ample.<\/p>\n<p class=\"p1\">\u201eSuntem acum \u00een a doua faz\u0103. Dac\u0103 faza trei va implica bombardamente suplimentare sau un acord de pace depinde de iranieni\u201d, a concluzionat un oficial al administra\u021biei.<\/p>\n","protected":false},"excerpt":{"rendered":"<p>Pre\u0219edintele Donald Trump a anun\u021bat luni diminea\u021b\u0103 c\u0103 un acord de pace cu Iranul va fi semnat \u201east\u0103zi\u201d la Islamabad, ad\u0103ug\u00e2nd c\u0103 vicepre\u0219edintele Vance se \u00eendrepta spre locul negocierilor. Totu\u0219i, realitatea era diferit\u0103; Vance se afla \u00eenc\u0103 \u00een Washington, a\u0219tept\u00e2nd un semnal din partea Teheranului, ceea ce sublinia incertitudinea profund\u0103 ce plana asupra situa\u021biei. Axios [&hellip;]<\/p>\n","protected":false},"author":2,"featured_media":14864,"comment_status":"open","ping_status":"open","sticky":false,"template":"","format":"standard","meta":{"jnews-multi-image_gallery":[],"jnews_single_post":[],"jnews_primary_category":[],"jnews_override_counter":[],"footnotes":""},"categories":[41],"tags":[903,2209,31,7200,913,686,915,8772],"class_list":["post-14863","post","type-post","status-publish","format-standard","has-post-thumbnail","hentry","category-externe","tag-acord-de-pace","tag-armistitiu","tag-jnews_demo_donald-trump","tag-incertitudine","tag-iran","tag-negocieri","tag-razboi","tag-stramtoarea-ormuz"],"_links":{"self":[{"href":"https:\/\/www.newsrecorder.ro\/app\/wp-json\/wp\/v2\/posts\/14863","targetHints":{"allow":["GET"]}}],"collection":[{"href":"https:\/\/www.newsrecorder.ro\/app\/wp-json\/wp\/v2\/posts"}],"about":[{"href":"https:\/\/www.newsrecorder.ro\/app\/wp-json\/wp\/v2\/types\/post"}],"author":[{"embeddable":true,"href":"https:\/\/www.newsrecorder.ro\/app\/wp-json\/wp\/v2\/users\/2"}],"replies":[{"embeddable":true,"href":"https:\/\/www.newsrecorder.ro\/app\/wp-json\/wp\/v2\/comments?post=14863"}],"version-history":[{"count":0,"href":"https:\/\/www.newsrecorder.ro\/app\/wp-json\/wp\/v2\/posts\/14863\/revisions"}],"wp:featuredmedia":[{"embeddable":true,"href":"https:\/\/www.newsrecorder.ro\/app\/wp-json\/wp\/v2\/media\/14864"}],"wp:attachment":[{"href":"https:\/\/www.newsrecorder.ro\/app\/wp-json\/wp\/v2\/media?parent=14863"}],"wp:term":[{"taxonomy":"category","embeddable":true,"href":"https:\/\/www.newsrecorder.ro\/app\/wp-json\/wp\/v2\/categories?post=14863"},{"taxonomy":"post_tag","embeddable":true,"href":"https:\/\/www.newsrecorder.ro\/app\/wp-json\/wp\/v2\/tags?post=14863"}],"curies":[{"name":"wp","href":"https:\/\/api.w.org\/{rel}","templated":true}]}}