{"id":14903,"date":"2026-04-21T01:09:44","date_gmt":"2026-04-21T01:09:44","guid":{"rendered":"https:\/\/www.newsrecorder.ro\/app\/2026\/04\/21\/ciucu-pnl-pregateste-un-guvern-minoritar-in-fata-motiunii-de-cenzura\/"},"modified":"2026-04-21T01:09:44","modified_gmt":"2026-04-21T01:09:44","slug":"ciucu-pnl-pregateste-un-guvern-minoritar-in-fata-motiunii-de-cenzura","status":"publish","type":"post","link":"https:\/\/www.newsrecorder.ro\/app\/2026\/04\/21\/ciucu-pnl-pregateste-un-guvern-minoritar-in-fata-motiunii-de-cenzura\/","title":{"rendered":"Ciucu: PNL preg\u0103te\u0219te un guvern minoritar \u00een fa\u021ba mo\u021biunii de cenzur\u0103!"},"content":{"rendered":"<p><em>\u201eOri r\u0103m\u00e2nem \u00een continuare la guvernare \u00eentr-un guvern minoritar, deci nu vom colabora cu AUR. Sau, \u00een schimb, putem opta pentru opozi\u021bie\u201d<\/em>, a afirmat Ciucu.<\/p>\n<p>\u00cen ceea ce prive\u0219te posibilitatea form\u0103rii unui Guvern minoritar, \u00een cazul \u00een care PSD va decide s\u0103 depun\u0103 o mo\u021biune de cenzur\u0103, Ciucu a subliniat:<\/p>\n<p><em>\u201eNe asum\u0103m responsabilitatea guvern\u0103rii, nu avem nicio problem\u0103 s\u0103 conducem \u00een regim minoritar, \u00een cazul \u00een care guvernul actual va c\u0103dea. De asemenea, dac\u0103 se dore\u0219te formarea unei alte majorit\u0103\u021bi, nu ne opunem acestui lucru\u201d<\/em>, a declarat Ciucu la sediul Partidului Na\u021bional Liberal.<\/p>\n<p>\u00centrebat despre poten\u021bialii parteneri din cadrul acestui guvern minoritar, Ciucu a men\u021bionat c\u0103 PNL ar putea guverna: <em>\u201ecu USR, cu UDMR, sau cu oricine altcineva dore\u0219te\u201d<\/em>.<\/p>\n<p><em>\u201ePSD nu are dreptul s\u0103 ne dicteze cine trebuie s\u0103 fie prim-ministru, ales de Partidul Na\u021bional Liberal, sau cine s\u0103 fie mini\u0219tri sau secretari de stat. (&#8230;) Nu ne intereseaz\u0103 s\u0103 form\u0103m o coali\u021bie cu un partid care va contribui la destabilizarea acestui guvern\u201d<\/em>, a ad\u0103ugat Ciucu.<\/p>\n<p>De asemenea, el a subliniat c\u0103 situa\u021bia actual\u0103 reprezint\u0103 o criz\u0103 generat\u0103 de PSD, afirm\u00e2nd c\u0103 liberalii vor continua s\u0103-l sus\u021bin\u0103 pe premierul Ilie Bolojan.<\/p>\n<p><em>\u201e\u00cen acest moment, premierul \u00ee\u0219i continu\u0103 activitatea, iar Partidul Na\u021bional Liberal \u00eel sprijin\u0103 pe premierul Ilie Bolojan\u201d<\/em>, a declarat Ciucu.<\/p>\n<p>Ciucu a subliniat c\u0103 PSD trebuie s\u0103 preia responsabilitatea gestion\u0103rii acestei crize:<\/p>\n<p><em>\u201eCei care au creat criza trebuie s\u0103 o rezolve. Ei cer demisia lui Ilie Bolojan. Pot face aceste cereri, dar responsabilitatea le revine\u201d<\/em>, a spus Ciucu, \u00eentrebat despre m\u0103surile pe care le va lua PNL pentru a asigura stabilitatea \u0219i sprijinul politic.<\/p>\n<p><em>\u201eDac\u0103 nu sunt mul\u021bumi\u021bi, guvernul poate c\u0103dea. Dar aceasta este o decizie care le apar\u021bine\u201d<\/em>, a concluzionat Ciucu.<\/p>\n","protected":false},"excerpt":{"rendered":"<p>\u201eOri r\u0103m\u00e2nem \u00een continuare la guvernare \u00eentr-un guvern minoritar, deci nu vom colabora cu AUR. Sau, \u00een schimb, putem opta pentru opozi\u021bie\u201d, a afirmat Ciucu. \u00cen ceea ce prive\u0219te posibilitatea form\u0103rii unui Guvern minoritar, \u00een cazul \u00een care PSD va decide s\u0103 depun\u0103 o mo\u021biune de cenzur\u0103, Ciucu a subliniat: \u201eNe asum\u0103m responsabilitatea guvern\u0103rii, nu [&hellip;]<\/p>\n","protected":false},"author":2,"featured_media":14904,"comment_status":"open","ping_status":"open","sticky":false,"template":"","format":"standard","meta":{"jnews-multi-image_gallery":[],"jnews_single_post":[],"jnews_primary_category":[],"jnews_override_counter":[],"footnotes":""},"categories":[42],"tags":[6824,13126,12212,2600,4730,1333,300,13618],"class_list":["post-14903","post","type-post","status-publish","format-standard","has-post-thumbnail","hentry","category-politica","tag-ciucu","tag-guvern-minoritar","tag-motiune-de-cenzura","tag-opozitie","tag-parteneri","tag-partidul-national-liberal","tag-psd","tag-usl"],"_links":{"self":[{"href":"https:\/\/www.newsrecorder.ro\/app\/wp-json\/wp\/v2\/posts\/14903","targetHints":{"allow":["GET"]}}],"collection":[{"href":"https:\/\/www.newsrecorder.ro\/app\/wp-json\/wp\/v2\/posts"}],"about":[{"href":"https:\/\/www.newsrecorder.ro\/app\/wp-json\/wp\/v2\/types\/post"}],"author":[{"embeddable":true,"href":"https:\/\/www.newsrecorder.ro\/app\/wp-json\/wp\/v2\/users\/2"}],"replies":[{"embeddable":true,"href":"https:\/\/www.newsrecorder.ro\/app\/wp-json\/wp\/v2\/comments?post=14903"}],"version-history":[{"count":0,"href":"https:\/\/www.newsrecorder.ro\/app\/wp-json\/wp\/v2\/posts\/14903\/revisions"}],"wp:featuredmedia":[{"embeddable":true,"href":"https:\/\/www.newsrecorder.ro\/app\/wp-json\/wp\/v2\/media\/14904"}],"wp:attachment":[{"href":"https:\/\/www.newsrecorder.ro\/app\/wp-json\/wp\/v2\/media?parent=14903"}],"wp:term":[{"taxonomy":"category","embeddable":true,"href":"https:\/\/www.newsrecorder.ro\/app\/wp-json\/wp\/v2\/categories?post=14903"},{"taxonomy":"post_tag","embeddable":true,"href":"https:\/\/www.newsrecorder.ro\/app\/wp-json\/wp\/v2\/tags?post=14903"}],"curies":[{"name":"wp","href":"https:\/\/api.w.org\/{rel}","templated":true}]}}