{"id":14923,"date":"2026-04-21T04:55:44","date_gmt":"2026-04-21T04:55:44","guid":{"rendered":"https:\/\/www.newsrecorder.ro\/app\/2026\/04\/21\/trump-promit-negocieri-cu-iranul-toti-vor-fi-multumiti\/"},"modified":"2026-04-21T04:55:44","modified_gmt":"2026-04-21T04:55:44","slug":"trump-promit-negocieri-cu-iranul-toti-vor-fi-multumiti","status":"publish","type":"post","link":"https:\/\/www.newsrecorder.ro\/app\/2026\/04\/21\/trump-promit-negocieri-cu-iranul-toti-vor-fi-multumiti\/","title":{"rendered":"Trump promit negocieri cu Iranul: \u201eTo\u021bi vor fi mul\u021bumi\u021bi!\u201d"},"content":{"rendered":"<p>\u201eAm realizat o munc\u0103 excelent\u0103 \u0219i vom finaliza negocierile, iar to\u021bi vor fi mul\u021bumi\u021bi\u201d, a declarat Trump \u00eentr-un interviu telefonic cu un cunoscut realizator radio conservator.<\/p>\n<p>Aceste comentarii au fost f\u0103cute la scurt timp dup\u0103 ce pre\u0219edintele Parlamentului iranian, Mohammad Bagher Ghalibaf, a afirmat c\u0103 Teheranul refuz\u0103 s\u0103 negocieze cu SUA \u201esub amenin\u021barea presiunilor\u201d.<\/p>\n<p>Ghalibaf, o figur\u0103 central\u0103 \u00een discu\u021bii, a criticat aspru decizia lui Trump de a impune o blocad\u0103 asupra Str\u00e2mtorii Ormuz, consider\u00e2nd-o o \u00eenc\u0103lcare a unui armisti\u021biu deja fragil. Conform <a href=\"https:\/\/www.aa.com.tr\/en\/world\/trump-says-negotiations-with-iran-will-be-completed-and-everybodys-going-to-be-happy\/3912844\" target=\"_blank\" rel=\"noopener\">Anadolu<\/a>, aceasta a generat tensiuni suplimentare \u00eentre cele dou\u0103 p\u0103r\u021bi.<\/p>\n<p>\u00centr-o postare pe platforma de socializare X, Ghalibaf a acuzat c\u0103 Trump a \u00eencercat s\u0103 transforme discu\u021biile \u00eentr-o \u201emas\u0103 de capitulare\u201d sau s\u0103 justifice o nou\u0103 provocare militar\u0103. El a anun\u021bat c\u0103 Iranul a preg\u0103tit noi op\u021biuni militare, \u00een cazul \u00een care armisti\u021biul de dou\u0103 s\u0103pt\u0103m\u00e2ni, mediat de Pakistan, ar expira \u00een aceast\u0103 s\u0103pt\u0103m\u00e2n\u0103.<\/p>\n<p>R\u0103spunz\u00e2nd la \u00eentreb\u0103rile legate de refuzul Iranului de a negocia, Trump a declarat c\u0103 \u201evor negocia \u0219i, dac\u0103 nu o vor face, vor \u00eent\u00e2lni probleme cum nu au mai \u00eent\u00e2lnit niciodat\u0103\u201d.<\/p>\n<p>\u201eSper\u0103m c\u0103 vor ajunge la o \u00een\u021belegere corect\u0103 \u0219i \u00ee\u0219i vor reconstrui \u021bara, \u00eens\u0103, c\u00e2nd o vor face, nu vor avea o arm\u0103 nuclear\u0103\u201d, a subliniat el. \u201eNu vor avea acces la nicio \u0219ans\u0103 de a ob\u021bine o arm\u0103 nuclear\u0103\u201d.<\/p>\n<p>\u00centr-o declara\u021bie de duminic\u0103, Trump a anun\u021bat c\u0103 oficialii americani vor c\u0103l\u0103tori la Islamabad pentru negocieri, de\u0219i Teheranul nu a confirmat \u00eenc\u0103 participarea, solicit\u00e2nd totodat\u0103 ridicarea blocadei.<\/p>\n<p>Aceste declara\u021bii vin \u00eentr-un context \u00een care SUA a men\u021binut o blocad\u0103 naval\u0103 asupra navelor care intr\u0103 \u0219i ies din porturile iraniene, o ac\u021biune pe care Teheranul o consider\u0103 o \u00eenc\u0103lcare a armisti\u021biului existent.<\/p>\n<p>Trump a avertizat, de asemenea, c\u0103 SUA vor viza infrastructura Iranului dac\u0103 acesta nu va accepta termenii americani pentru a \u00eencheia conflictul, ceea ce a generat nelini\u0219te pe pie\u021be, av\u00e2nd \u00een vedere c\u0103 armisti\u021biul urmeaz\u0103 s\u0103 expire mar\u021bi seara, conform orei Washingtonului.<\/p>\n<p>\u00cengrijor\u0103rile legate de siguran\u021ba transportului maritim s-au amplificat dup\u0103 ce Iranul, care anun\u021base vineri redeschiderea Str\u00e2mtorii Ormuz, a restric\u021bionat din nou mi\u0219c\u0103rile navelor pe aceast\u0103 rut\u0103 strategic\u0103, acuz\u00e2nd SUA c\u0103 nu \u0219i-au \u00eendeplinit obliga\u021biile.<\/p>\n<p>Pakistanul a fost gazda primului contact direct la nivel \u00eenalt \u00eentre SUA \u0219i Iran, desf\u0103\u0219urat la Islamabad \u00een perioada 11-12 aprilie, marc\u00e2nd prima \u00eent\u00e2lnire de acest tip de la ruptura rela\u021biilor diplomatice dintre cele dou\u0103 \u021b\u0103ri \u00een 1979, \u00eens\u0103 discu\u021biile s-au \u00eencheiat f\u0103r\u0103 a genera progrese semnificative.<\/p>\n","protected":false},"excerpt":{"rendered":"<p>\u201eAm realizat o munc\u0103 excelent\u0103 \u0219i vom finaliza negocierile, iar to\u021bi vor fi mul\u021bumi\u021bi\u201d, a declarat Trump \u00eentr-un interviu telefonic cu un cunoscut realizator radio conservator. Aceste comentarii au fost f\u0103cute la scurt timp dup\u0103 ce pre\u0219edintele Parlamentului iranian, Mohammad Bagher Ghalibaf, a afirmat c\u0103 Teheranul refuz\u0103 s\u0103 negocieze cu SUA \u201esub amenin\u021barea presiunilor\u201d. Ghalibaf, [&hellip;]<\/p>\n","protected":false},"author":2,"featured_media":14924,"comment_status":"open","ping_status":"open","sticky":false,"template":"","format":"standard","meta":{"jnews-multi-image_gallery":[],"jnews_single_post":[],"jnews_primary_category":[],"jnews_override_counter":[],"footnotes":""},"categories":[39],"tags":[2209,11500,913,686,17405,7094,8772,1735],"class_list":["post-14923","post","type-post","status-publish","format-standard","has-post-thumbnail","hentry","category-stirile-zilei","tag-armistitiu","tag-ghalibaf","tag-iran","tag-negocieri","tag-optiuni-militare","tag-presiuni","tag-stramtoarea-ormuz","tag-trump"],"_links":{"self":[{"href":"https:\/\/www.newsrecorder.ro\/app\/wp-json\/wp\/v2\/posts\/14923","targetHints":{"allow":["GET"]}}],"collection":[{"href":"https:\/\/www.newsrecorder.ro\/app\/wp-json\/wp\/v2\/posts"}],"about":[{"href":"https:\/\/www.newsrecorder.ro\/app\/wp-json\/wp\/v2\/types\/post"}],"author":[{"embeddable":true,"href":"https:\/\/www.newsrecorder.ro\/app\/wp-json\/wp\/v2\/users\/2"}],"replies":[{"embeddable":true,"href":"https:\/\/www.newsrecorder.ro\/app\/wp-json\/wp\/v2\/comments?post=14923"}],"version-history":[{"count":0,"href":"https:\/\/www.newsrecorder.ro\/app\/wp-json\/wp\/v2\/posts\/14923\/revisions"}],"wp:featuredmedia":[{"embeddable":true,"href":"https:\/\/www.newsrecorder.ro\/app\/wp-json\/wp\/v2\/media\/14924"}],"wp:attachment":[{"href":"https:\/\/www.newsrecorder.ro\/app\/wp-json\/wp\/v2\/media?parent=14923"}],"wp:term":[{"taxonomy":"category","embeddable":true,"href":"https:\/\/www.newsrecorder.ro\/app\/wp-json\/wp\/v2\/categories?post=14923"},{"taxonomy":"post_tag","embeddable":true,"href":"https:\/\/www.newsrecorder.ro\/app\/wp-json\/wp\/v2\/tags?post=14923"}],"curies":[{"name":"wp","href":"https:\/\/api.w.org\/{rel}","templated":true}]}}