{"id":14937,"date":"2026-04-21T09:40:16","date_gmt":"2026-04-21T09:40:16","guid":{"rendered":"https:\/\/www.newsrecorder.ro\/app\/2026\/04\/21\/universitatea-craiova-isi-intareste-echipa-cu-portar-portughez-joao-goncalves\/"},"modified":"2026-04-21T09:40:16","modified_gmt":"2026-04-21T09:40:16","slug":"universitatea-craiova-isi-intareste-echipa-cu-portar-portughez-joao-goncalves","status":"publish","type":"post","link":"https:\/\/www.newsrecorder.ro\/app\/2026\/04\/21\/universitatea-craiova-isi-intareste-echipa-cu-portar-portughez-joao-goncalves\/","title":{"rendered":"Universitatea Craiova \u00ee\u0219i \u00eent\u0103re\u0219te echipa cu portar portughez Jo\u00e3o Gon\u00e7alves!"},"content":{"rendered":"<p>Universitatea Craiova a anun\u021bat cu entuziasm c\u0103 a ajuns la un acord cu goalkeeperul portughez Jo\u00e3o Gon\u00e7alves, care a semnat un contract valabil p\u00e2n\u0103 la finalul sezonului competi\u021bional. \u201eSucces \u00een familia alb-albastr\u0103!\u201d, au transmis oficialii clubului oltean.<\/p>\n<p>Acest transfer a fost accelerat de situa\u021bia delicat\u0103 din compartimentul defensiv, av\u00e2nd \u00een vedere absen\u021bele accidenta\u021bilor Isenko \u0219i Silviu Lung Jr. Echipa din Craiova, care lupt\u0103 at\u00e2t pentru c\u00e2\u0219tigarea titlului na\u021bional, c\u00e2t \u0219i pentru a ob\u021bine Cupa Rom\u00e2niei, s-a bazat p\u00e2n\u0103 acum exclusiv pe Lauren\u021biu Popescu pentru rolul de portar.<\/p>\n<p>Jo\u00e3o Gon\u00e7alves a devenit liber de contract \u00eencep\u00e2nd cu luna ianuarie, dup\u0103 desp\u0103r\u021birea de AVS Futebol SAD, echip\u0103 din prima lig\u0103 din Portugalia. \u00cen sezonul precedent, el a jucat pentru Boavista FC, \u00eens\u0103 a avut doar patru apari\u021bii oficiale.<\/p>\n<p>Portarul, evaluat la aproximativ 600.000 de euro, conform Transfermarkt, se afl\u0103 acum la prima sa experien\u021b\u0103 profesional\u0103 \u00een afara Portugaliei, iar a\u0219tept\u0103rile sunt mari de la noul s\u0103u angajament la Universitatea Craiova.<\/p>\n","protected":false},"excerpt":{"rendered":"<p>Universitatea Craiova a anun\u021bat cu entuziasm c\u0103 a ajuns la un acord cu goalkeeperul portughez Jo\u00e3o Gon\u00e7alves, care a semnat un contract valabil p\u00e2n\u0103 la finalul sezonului competi\u021bional. \u201eSucces \u00een familia alb-albastr\u0103!\u201d, au transmis oficialii clubului oltean. Acest transfer a fost accelerat de situa\u021bia delicat\u0103 din compartimentul defensiv, av\u00e2nd \u00een vedere absen\u021bele accidenta\u021bilor Isenko \u0219i [&hellip;]<\/p>\n","protected":false},"author":6,"featured_media":14938,"comment_status":"open","ping_status":"open","sticky":false,"template":"","format":"standard","meta":{"jnews-multi-image_gallery":[],"jnews_single_post":[],"jnews_primary_category":[],"jnews_override_counter":[],"footnotes":""},"categories":[46],"tags":[17428,1246,89,17427,520,12371,1158,975],"class_list":["post-14937","post","type-post","status-publish","format-standard","has-post-thumbnail","hentry","category-sport","tag-accidentati","tag-cupa-romaniei","tag-fotbal","tag-joao-goncalves","tag-liga","tag-portar","tag-transfer","tag-universitatea-craiova"],"_links":{"self":[{"href":"https:\/\/www.newsrecorder.ro\/app\/wp-json\/wp\/v2\/posts\/14937","targetHints":{"allow":["GET"]}}],"collection":[{"href":"https:\/\/www.newsrecorder.ro\/app\/wp-json\/wp\/v2\/posts"}],"about":[{"href":"https:\/\/www.newsrecorder.ro\/app\/wp-json\/wp\/v2\/types\/post"}],"author":[{"embeddable":true,"href":"https:\/\/www.newsrecorder.ro\/app\/wp-json\/wp\/v2\/users\/6"}],"replies":[{"embeddable":true,"href":"https:\/\/www.newsrecorder.ro\/app\/wp-json\/wp\/v2\/comments?post=14937"}],"version-history":[{"count":0,"href":"https:\/\/www.newsrecorder.ro\/app\/wp-json\/wp\/v2\/posts\/14937\/revisions"}],"wp:featuredmedia":[{"embeddable":true,"href":"https:\/\/www.newsrecorder.ro\/app\/wp-json\/wp\/v2\/media\/14938"}],"wp:attachment":[{"href":"https:\/\/www.newsrecorder.ro\/app\/wp-json\/wp\/v2\/media?parent=14937"}],"wp:term":[{"taxonomy":"category","embeddable":true,"href":"https:\/\/www.newsrecorder.ro\/app\/wp-json\/wp\/v2\/categories?post=14937"},{"taxonomy":"post_tag","embeddable":true,"href":"https:\/\/www.newsrecorder.ro\/app\/wp-json\/wp\/v2\/tags?post=14937"}],"curies":[{"name":"wp","href":"https:\/\/api.w.org\/{rel}","templated":true}]}}