{"id":14955,"date":"2026-04-21T11:08:12","date_gmt":"2026-04-21T11:08:12","guid":{"rendered":"https:\/\/www.newsrecorder.ro\/app\/2026\/04\/21\/declin-alarmant-al-ghetii-marine-arctice-avertizeaza-cercetatorii\/"},"modified":"2026-04-21T11:08:12","modified_gmt":"2026-04-21T11:08:12","slug":"declin-alarmant-al-ghetii-marine-arctice-avertizeaza-cercetatorii","status":"publish","type":"post","link":"https:\/\/www.newsrecorder.ro\/app\/2026\/04\/21\/declin-alarmant-al-ghetii-marine-arctice-avertizeaza-cercetatorii\/","title":{"rendered":"Declin alarmant al ghe\u021bii marine arctice, avertizeaz\u0103 cercet\u0103torii!"},"content":{"rendered":"<p>Noile date disponibile consolideaz\u0103 concluziile cercet\u0103torilor, care sus\u021bin c\u0103 tendin\u021ba descendent\u0103 a stratului de ghea\u021b\u0103 continu\u0103 f\u0103r\u0103 ezitare.<\/p>\n<p>\u00cen acest an, suprafa\u021ba maxim\u0103 a ghe\u021bii s-a dovedit a fi cu aproximativ 1,3 milioane de kilometri p\u0103tra\u021bi sub media \u00eenregistrat\u0103 \u00eentre 1981 \u0219i 2010, conform raportului emis de Centrul Na\u021bional de Date privind Z\u0103pada \u0219i Ghea\u021ba (NSIDC).<\/p>\n<p>Pe de alt\u0103 parte, \u00een Antarctica, care a intrat acum \u00een sezonul de toamn\u0103, minimul anual al ghe\u021bii marine de var\u0103 a fost \u00eenregistrat pe 26 februarie, ating\u00e2nd 2,58 milioane de kilometri p\u0103tra\u021bi. Aceasta reprezint\u0103 o sc\u0103dere de 260.000 de kilometri p\u0103tra\u021bi fa\u021b\u0103 de media din perioada 1981-2010. Cu toate acestea, acest minim este \u00eenc\u0103 peste recordul de 1,79 milioane de kilometri p\u0103tra\u021bi stabilit pe 21 februarie 2023.<\/p>\n<p>Ghea\u021ba marin\u0103 joac\u0103 un rol crucial \u00een men\u021binerea echilibrului ecologic al planetei. \u00centr-un interviu acordat publica\u021biei <a href=\"https:\/\/www.aa.com.tr\/en\/environment\/arctic-sea-ice-loss-shows-systematic-decline-scientists-warn\/3913149\" target=\"_blank\" rel=\"noopener\">Anadolu<\/a>, Mahmut Oguz Selbesoglu, directorul Centrului de Cercetare Polar\u0103 al Universit\u0103\u021bii Tehnice din Istanbul, a subliniat importan\u021ba ghe\u021barilor \u0219i a ghe\u021bii marine \u00een men\u021binerea acestui echilibru radiativ. El a explicat c\u0103, pe m\u0103sur\u0103 ce ghea\u021ba se tope\u0219te, acest echilibru este perturbat: evaporarea cre\u0219te, efectul de ser\u0103 se intensific\u0103, iar procesul de \u00eenc\u0103lzire global\u0103 se accelereaz\u0103, gener\u00e2nd un ciclu vicios de pierdere a ghe\u021bii.<\/p>\n<p>Selbesoglu a eviden\u021biat faptul c\u0103 Arctica se \u00eenc\u0103lze\u0219te de patru ori mai repede dec\u00e2t rata medie global\u0103. El a men\u021bionat c\u0103 topirea ghe\u021bii se concentreaz\u0103 \u00een regiunile marginale de ghea\u021b\u0103 din Marea Barents, Marea Bering \u0219i zonele de coast\u0103 ale Atlanticului de Nord.<\/p>\n<p>\u00cen plus, el a subliniat c\u0103, de\u0219i stratul de ghea\u021b\u0103 poate s\u0103 se extind\u0103 temporar, acesta devine mai sub\u021bire \u0219i, prin urmare, mai vulnerabil la topire. \u201eMaximul de ghea\u021b\u0103 marin\u0103 din anul precedent a fost, \u00een acela\u0219i timp, minimul anual \u0219i minimul istoric\u201d, a explicat el. \u201eAproape toate valorile record \u00eenregistrate au avut loc \u00een ultimele decenii, ceea ce sugereaz\u0103 o tendin\u021b\u0103 sistematic\u0103 \u0219i accelerat\u0103 de pierdere a ghe\u021bii. Aceasta nu se refer\u0103 doar la topirea verii, ci \u0219i la o reducere a cantit\u0103\u021bii de ghea\u021b\u0103 care ar trebui s\u0103 se formeze \u00een timpul iernii. Aceasta este o dovad\u0103 a sl\u0103birii sistematice \u0219i structurale a sistemului\u201d, a ad\u0103ugat Selbesoglu.<\/p>\n<p>El a descris acest proces ca fiind un lan\u021b de evenimente interconectate. Pe m\u0103sur\u0103 ce suprafa\u021ba alb\u0103 se mic\u0219oreaz\u0103, mai mult\u0103 radia\u021bie solar\u0103 este absorbit\u0103, gener\u00e2nd o cre\u0219tere a temperaturii, ceea ce duce la o pierdere \u0219i mai mare de ghea\u021b\u0103. Acest fenomen contribuie la o evaporare sporit\u0103 \u0219i la un efect de ser\u0103 mai intens, ceea ce cauzeaz\u0103 schimb\u0103ri climatice \u0219i fenomene meteorologice extreme.<\/p>\n<p>Selbesoglu a subliniat c\u0103 pentru a opri pierderea ghe\u021bii, este esen\u021bial s\u0103 reducem emisiile de gaze cu efect de ser\u0103, s\u0103 elimin\u0103m treptat combustibilii fosili \u0219i s\u0103 acceler\u0103m tranzi\u021bia c\u0103tre surse de energie regenerabil\u0103. De asemenea, este necesar\u0103 reducerea emisiilor de carbon negru \u0219i implementarea unor m\u0103suri specifice pentru regiunea arctic\u0103.<\/p>\n<p>\u00cen concluzie, schimb\u0103rile care au loc \u00een Arctica nu au doar implica\u021bii locale, ci \u0219i globale, servind drept un semnal de avertizare timpurie pentru viitorul \u00eentregului sistem climatic.<\/p>\n","protected":false},"excerpt":{"rendered":"<p>Noile date disponibile consolideaz\u0103 concluziile cercet\u0103torilor, care sus\u021bin c\u0103 tendin\u021ba descendent\u0103 a stratului de ghea\u021b\u0103 continu\u0103 f\u0103r\u0103 ezitare. \u00cen acest an, suprafa\u021ba maxim\u0103 a ghe\u021bii s-a dovedit a fi cu aproximativ 1,3 milioane de kilometri p\u0103tra\u021bi sub media \u00eenregistrat\u0103 \u00eentre 1981 \u0219i 2010, conform raportului emis de Centrul Na\u021bional de Date privind Z\u0103pada \u0219i Ghea\u021ba [&hellip;]<\/p>\n","protected":false},"author":2,"featured_media":14956,"comment_status":"open","ping_status":"open","sticky":false,"template":"","format":"standard","meta":{"jnews-multi-image_gallery":[],"jnews_single_post":[],"jnews_primary_category":[],"jnews_override_counter":[],"footnotes":""},"categories":[41],"tags":[15085,2094,17444,17443,745,13479,701,1641],"class_list":["post-14955","post","type-post","status-publish","format-standard","has-post-thumbnail","hentry","category-externe","tag-antarctica","tag-cercetare","tag-date-climatice","tag-echilibru-ecologic","tag-gheata","tag-nsidc","tag-scadere","tag-schimbari-climatice"],"_links":{"self":[{"href":"https:\/\/www.newsrecorder.ro\/app\/wp-json\/wp\/v2\/posts\/14955","targetHints":{"allow":["GET"]}}],"collection":[{"href":"https:\/\/www.newsrecorder.ro\/app\/wp-json\/wp\/v2\/posts"}],"about":[{"href":"https:\/\/www.newsrecorder.ro\/app\/wp-json\/wp\/v2\/types\/post"}],"author":[{"embeddable":true,"href":"https:\/\/www.newsrecorder.ro\/app\/wp-json\/wp\/v2\/users\/2"}],"replies":[{"embeddable":true,"href":"https:\/\/www.newsrecorder.ro\/app\/wp-json\/wp\/v2\/comments?post=14955"}],"version-history":[{"count":0,"href":"https:\/\/www.newsrecorder.ro\/app\/wp-json\/wp\/v2\/posts\/14955\/revisions"}],"wp:featuredmedia":[{"embeddable":true,"href":"https:\/\/www.newsrecorder.ro\/app\/wp-json\/wp\/v2\/media\/14956"}],"wp:attachment":[{"href":"https:\/\/www.newsrecorder.ro\/app\/wp-json\/wp\/v2\/media?parent=14955"}],"wp:term":[{"taxonomy":"category","embeddable":true,"href":"https:\/\/www.newsrecorder.ro\/app\/wp-json\/wp\/v2\/categories?post=14955"},{"taxonomy":"post_tag","embeddable":true,"href":"https:\/\/www.newsrecorder.ro\/app\/wp-json\/wp\/v2\/tags?post=14955"}],"curies":[{"name":"wp","href":"https:\/\/api.w.org\/{rel}","templated":true}]}}