{"id":14971,"date":"2026-04-21T12:38:29","date_gmt":"2026-04-21T12:38:29","guid":{"rendered":"https:\/\/www.newsrecorder.ro\/app\/2026\/04\/21\/decizia-istorica-a-instantei-supreme-tva-ul-nu-se-mai-prescrie\/"},"modified":"2026-04-21T12:38:29","modified_gmt":"2026-04-21T12:38:29","slug":"decizia-istorica-a-instantei-supreme-tva-ul-nu-se-mai-prescrie","status":"publish","type":"post","link":"https:\/\/www.newsrecorder.ro\/app\/2026\/04\/21\/decizia-istorica-a-instantei-supreme-tva-ul-nu-se-mai-prescrie\/","title":{"rendered":"Decizia istoric\u0103 a instan\u021bei supreme: TVA-ul nu se mai prescrie!"},"content":{"rendered":"<p>Pentru companiile care se confrunt\u0103 cu litigii legate de deducerea TVA cu Agen\u021bia Na\u021bional\u0103 de Administrare Fiscal\u0103 (A.N.A.F.), decizia recent\u0103 a \u00cenaltei Cur\u021bi de Casa\u021bie \u0219i Justi\u021bie (\u00ceCCJ) are un impact direct \u0219i obligatoriu, conform speciali\u0219tilor din domeniu.<\/p>\n<p>Decizia, a\u0219teptat\u0103 cu interes de mediul de afaceri, stipuleaz\u0103 c\u0103 orice contribuabil rom\u00e2n, fie persoan\u0103 fizic\u0103, fie juridic\u0103, care are de raportat sume de TVA pl\u0103tite \u0219i care nu pot fi compensate cu TVA-ul datorat, poate solicita acest lucru p\u00e2n\u0103 la \u00eencetarea activit\u0103\u021bii sale, f\u0103r\u0103 a fi afectat de prescrip\u021bie.<\/p>\n<p>Potrivit hot\u0103r\u00e2rii pronun\u021bate de Completul pentru solu\u021bionarea recursului \u00een interesul legii, format din 25 de judec\u0103tori, dreptul persoanei impozabile de a reporta un sold negativ de TVA \u00een deconturile fiscale viitoare nu este supus prescrip\u021biei. Aceast\u0103 decizie a fost luat\u0103 \u00een contextul aplic\u0103rii articolului 147 indice 3 din Codul fiscal.<\/p>\n<p>\u00cen comunicatul emis, \u00ceCCJ subliniaz\u0103 c\u0103 decizia respect\u0103 principiile constitu\u021bionale ale fiscalit\u0103\u021bii \u0219i reflect\u0103 natura continu\u0103 \u0219i ciclic\u0103 a balan\u021bei de TVA, asigur\u00e2nd astfel un tratament egal \u00eentre contribuabili \u0219i organele fiscale, consolid\u00e2nd drepturile contribuabililor.<\/p>\n<p>Decizia este definitiv\u0103 \u0219i obligatorie, conform Codului de procedur\u0103 civil\u0103, \u0219i va fi publicat\u0103 \u00een Monitorul Oficial, devenind aplicabil\u0103 din acel moment. Motiva\u021bia acestei decizii trebuie s\u0103 fie redactat\u0103 \u00een termen de 30 de zile de la pronun\u021bare \u0219i publicat\u0103 \u00een termen de 15 zile de la motivare.<\/p>\n<p>\u201eCauzele similare aflate pe rolul instan\u021belor la momentul sesiz\u0103rii \u00ceCCJ pot fi suspendate p\u00e2n\u0103 la publicarea deciziei \u00een Monitorul Oficial. Aceast\u0103 decizie este pronun\u021bat\u0103 strict \u00een interesul legii \u0219i nu influen\u021beaz\u0103 hot\u0103r\u00e2rile judec\u0103tore\u0219ti anterioare sau situa\u021bia p\u0103r\u021bilor din acele procese\u201d, se men\u021bioneaz\u0103 \u00een prevederile citate.<\/p>\n<p>\u201eAcest verdict vine \u00eentr-un context complex al cererilor de rambursare a TVA, unde A.N.A.F. a invocat adesea excep\u021bia prescrip\u021biei. De-a lungul timpului, practica judiciar\u0103 a fost inconsistent\u0103, unele instan\u021be consider\u00e2nd c\u0103 reintroducerea soldului de TVA de rambursat \u00een decont \u00eentrerupe termenul de prescrip\u021bie, ceea ce a dus la o imprescriptibilitate a dreptului de rambursare. Unele instan\u021be au f\u0103cut distinc\u021bii \u00eentre contribuabili care au \u00eencetat activitatea \u0219i cei care continu\u0103 s\u0103 colecteze TVA, chiar \u0219i \u00een sume nesemnificative. R\u0103m\u00e2ne de v\u0103zut motivele pentru care \u00ceCCJ a adoptat abordarea imprescriptibilit\u0103\u021bii\u201d, a declarat avocatul Luisiana Dobrinescu, partener la Dobrinescu Dobrev SCA, pentru Mediafax.<\/p>\n<p>\u201eAceast\u0103 decizie este una extrem de favorabil\u0103 pentru mediul de afaceri. A\u0219a cum A.N.A.F. notific\u0103 constant contribuabilii \u00een privin\u021ba datoriilor pentru a preveni interven\u021bia prescrip\u021biei, \u0219i contribuabilii, prin declara\u021biile de TVA lunare, \u00ee\u0219i confirm\u0103 dreptul de a recupera sumele de TVA. Astfel, decizia \u00ceCCJ reflect\u0103 faptul c\u0103 declara\u021biile lunare sunt echivalente din punct de vedere juridic cu notific\u0103rile A.N.A.F., ceea ce \u00eempiedic\u0103 interven\u021bia prescrip\u021biei. Deducerea este regula, iar refuzul este excep\u021bia care trebuie justificat\u0103 prin dovezi clare de fraud\u0103 sau ne\u00eendeplinire a cerin\u021belor legale, nu prin termene procedurale\u201d, a explicat Dr. Cornelia N\u0103stase, consultant fiscal \u0219i CEO al CC Tax Advisory.<\/p>\n<p>Specialistul subliniaz\u0103 c\u0103 decizia se aliniaz\u0103 perfect cu arhitectura Directivei 2006\/112\/CE, care consacr\u0103 dreptul de deducere ca un element esen\u021bial al sistemului comun, iar articolul 183 permite statelor membre op\u021biunea \u00eentre rambursarea excedentului sau reportarea acestuia \u00een perioadele urm\u0103toare.<\/p>\n<p>\u201eRom\u00e2nia a optat pentru mecanismul report\u0103rii, conform articolului 303 din Codul fiscal. Principiul neutralit\u0103\u021bii fiscale, constant sus\u021binut de CJUE, impune ca taxa aferent\u0103 intr\u0103rilor s\u0103 fie recuperat\u0103 integral, cu condi\u021bia \u00eendeplinirii cerin\u021belor legale. \u00ceCCJ subliniaz\u0103 c\u0103, odat\u0103 ce dreptul de deducere a fost \u00eenregistrat corect, simpla rulare a soldului negativ \u00een decontul urm\u0103tor nu poate fi anulat\u0103 prin prescrip\u021bie. Companiile aflate \u00een litigii cu A.N.A.F. trebuie s\u0103 invoce decizia ca fundament \u00een contesta\u021biile lor, iar pentru dosarele aflate pe rolul cur\u021bilor de apel sau \u00ceCCJ, se poate depune o not\u0103 scris\u0103 suplimentar\u0103 imediat dup\u0103 publicarea \u00een Monitor\u201d, a concluzionat Dr. Cornelia N\u0103stase.<\/p>\n","protected":false},"excerpt":{"rendered":"<p>Pentru companiile care se confrunt\u0103 cu litigii legate de deducerea TVA cu Agen\u021bia Na\u021bional\u0103 de Administrare Fiscal\u0103 (A.N.A.F.), decizia recent\u0103 a \u00cenaltei Cur\u021bi de Casa\u021bie \u0219i Justi\u021bie (\u00ceCCJ) are un impact direct \u0219i obligatoriu, conform speciali\u0219tilor din domeniu. Decizia, a\u0219teptat\u0103 cu interes de mediul de afaceri, stipuleaz\u0103 c\u0103 orice contribuabil rom\u00e2n, fie persoan\u0103 fizic\u0103, fie [&hellip;]<\/p>\n","protected":false},"author":4,"featured_media":14972,"comment_status":"open","ping_status":"open","sticky":false,"template":"","format":"standard","meta":{"jnews-multi-image_gallery":[],"jnews_single_post":[],"jnews_primary_category":[],"jnews_override_counter":[],"footnotes":""},"categories":[40],"tags":[1755,17464,17462,17461,4395,16386,17370,17463],"class_list":["post-14971","post","type-post","status-publish","format-standard","has-post-thumbnail","hentry","category-econonie","tag-anaf","tag-codul-fiscal","tag-contribuabil","tag-deducerea-tva","tag-inalta-curte","tag-litigii","tag-prescriptie","tag-sold-negativ"],"_links":{"self":[{"href":"https:\/\/www.newsrecorder.ro\/app\/wp-json\/wp\/v2\/posts\/14971","targetHints":{"allow":["GET"]}}],"collection":[{"href":"https:\/\/www.newsrecorder.ro\/app\/wp-json\/wp\/v2\/posts"}],"about":[{"href":"https:\/\/www.newsrecorder.ro\/app\/wp-json\/wp\/v2\/types\/post"}],"author":[{"embeddable":true,"href":"https:\/\/www.newsrecorder.ro\/app\/wp-json\/wp\/v2\/users\/4"}],"replies":[{"embeddable":true,"href":"https:\/\/www.newsrecorder.ro\/app\/wp-json\/wp\/v2\/comments?post=14971"}],"version-history":[{"count":0,"href":"https:\/\/www.newsrecorder.ro\/app\/wp-json\/wp\/v2\/posts\/14971\/revisions"}],"wp:featuredmedia":[{"embeddable":true,"href":"https:\/\/www.newsrecorder.ro\/app\/wp-json\/wp\/v2\/media\/14972"}],"wp:attachment":[{"href":"https:\/\/www.newsrecorder.ro\/app\/wp-json\/wp\/v2\/media?parent=14971"}],"wp:term":[{"taxonomy":"category","embeddable":true,"href":"https:\/\/www.newsrecorder.ro\/app\/wp-json\/wp\/v2\/categories?post=14971"},{"taxonomy":"post_tag","embeddable":true,"href":"https:\/\/www.newsrecorder.ro\/app\/wp-json\/wp\/v2\/tags?post=14971"}],"curies":[{"name":"wp","href":"https:\/\/api.w.org\/{rel}","templated":true}]}}