{"id":14981,"date":"2026-04-21T13:48:55","date_gmt":"2026-04-21T13:48:55","guid":{"rendered":"https:\/\/www.newsrecorder.ro\/app\/2026\/04\/21\/coiful-de-la-cotofenesti-o-bijuterie-istorica-revine-acasa\/"},"modified":"2026-04-21T13:48:55","modified_gmt":"2026-04-21T13:48:55","slug":"coiful-de-la-cotofenesti-o-bijuterie-istorica-revine-acasa","status":"publish","type":"post","link":"https:\/\/www.newsrecorder.ro\/app\/2026\/04\/21\/coiful-de-la-cotofenesti-o-bijuterie-istorica-revine-acasa\/","title":{"rendered":"Coiful de la Co\u021bofene\u0219ti: O bijuterie istoric\u0103 revine acas\u0103!"},"content":{"rendered":"<p style=\"text-align: left\">\u00cen perioada 22 aprilie &#8211; 3 mai 2026, publicul va avea ocazia s\u0103 admire o serie de piese excep\u021bionale recuperate, expuse la <a href=\"https:\/\/www.facebook.com\/share\/p\/1Aw96P5mwk\/\" target=\"_blank\" rel=\"noopener\">Muzeul Na\u021bional de Istorie a Rom\u00e2niei<\/a>. Aceast\u0103 expozi\u021bie va putea fi vizitat\u0103 de miercuri p\u00e2n\u0103 duminic\u0103, \u00eentre orele 10:00 \u0219i 18:00, conform unui anun\u021b al institu\u021biei.<\/p>\n<p style=\"text-align: left\">\u00cenainte de a fi deschis\u0103 publicului, expozi\u021bia va fi prezentat\u0103 presei mar\u021bi seara, la Muzeul Na\u021bional de Istorie a Rom\u00e2niei, marc\u00e2nd astfel prima apari\u021bie a acestor piese de valoare dup\u0103 repatrierea lor.<\/p>\n<p style=\"text-align: left\">Printre artefactele recuperate se num\u0103r\u0103 coiful de la Co\u021bofene\u0219ti \u0219i trei br\u0103\u021b\u0103ri dacice, care au fost furate \u00een ianuarie 2025 de la Muzeul Drents din Assen, Olanda. Acestea f\u0103ceau parte din expozi\u021bia \u201eDacia \u2013 Regatul aurului \u0219i argintului\u201d. Ho\u021bii au utilizat explozibili pentru a p\u0103trunde \u00een muzeu, sparg\u00e2nd vitrinele \u0219i fur\u00e2nd obiectele. Coiful \u0219i dou\u0103 dintre br\u0103\u021b\u0103ri au fost recuperate \u00een aprilie 2026, la mai bine de un an de la furt.<\/p>\n<p style=\"text-align: left\">Coiful de la Co\u021bofene\u0219ti este considerat un veritabil simbol al patrimoniului arheologic rom\u00e2nesc, av\u00e2nd o valoare \u201earheologic\u0103, istoric\u0103 \u0219i artistic\u0103 excep\u021bional\u0103\u201d, conform speciali\u0219tilor muzeului.<\/p>\n<p style=\"text-align: left\">Confec\u021bionat din aur \u0219i datat \u00een secolul al IV-lea \u00ee.Hr., coiful se distinge prin decorurile sale elaborate, incluz\u00e2nd o pereche de ochi apotropaici pe partea frontal\u0103 \u0219i scene de sacrificiu pe obrajii laterali ai coifului. Acesta este un obiect rar, asociat cu elitele getice \u0219i reprezint\u0103 o dovad\u0103 a interac\u021biunilor culturale dintre regiunea carpato-dun\u0103rean\u0103 \u0219i civiliza\u021biile greac\u0103 sau scitic\u0103.<\/p>\n<p style=\"text-align: left\">Descoperit \u00een jude\u021bul Prahova \u00een anii 1920, coiful de la Co\u021bofene\u0219ti a devenit una dintre cele mai emblematice piese ale tezaurului istoric al Rom\u00e2niei.<\/p>\n","protected":false},"excerpt":{"rendered":"<p>\u00cen perioada 22 aprilie &#8211; 3 mai 2026, publicul va avea ocazia s\u0103 admire o serie de piese excep\u021bionale recuperate, expuse la Muzeul Na\u021bional de Istorie a Rom\u00e2niei. Aceast\u0103 expozi\u021bie va putea fi vizitat\u0103 de miercuri p\u00e2n\u0103 duminic\u0103, \u00eentre orele 10:00 \u0219i 18:00, conform unui anun\u021b al institu\u021biei. \u00cenainte de a fi deschis\u0103 publicului, expozi\u021bia [&hellip;]<\/p>\n","protected":false},"author":7,"featured_media":14982,"comment_status":"open","ping_status":"open","sticky":false,"template":"","format":"standard","meta":{"jnews-multi-image_gallery":[],"jnews_single_post":[],"jnews_primary_category":[],"jnews_override_counter":[],"footnotes":""},"categories":[43],"tags":[1276,14542,14544,5810,1291,873,5805,8735],"class_list":["post-14981","post","type-post","status-publish","format-standard","has-post-thumbnail","hentry","category-cultura","tag-artefacte","tag-bratari-dacice","tag-coif","tag-expozitie","tag-furt","tag-istorie","tag-muzeu","tag-repatriere"],"_links":{"self":[{"href":"https:\/\/www.newsrecorder.ro\/app\/wp-json\/wp\/v2\/posts\/14981","targetHints":{"allow":["GET"]}}],"collection":[{"href":"https:\/\/www.newsrecorder.ro\/app\/wp-json\/wp\/v2\/posts"}],"about":[{"href":"https:\/\/www.newsrecorder.ro\/app\/wp-json\/wp\/v2\/types\/post"}],"author":[{"embeddable":true,"href":"https:\/\/www.newsrecorder.ro\/app\/wp-json\/wp\/v2\/users\/7"}],"replies":[{"embeddable":true,"href":"https:\/\/www.newsrecorder.ro\/app\/wp-json\/wp\/v2\/comments?post=14981"}],"version-history":[{"count":0,"href":"https:\/\/www.newsrecorder.ro\/app\/wp-json\/wp\/v2\/posts\/14981\/revisions"}],"wp:featuredmedia":[{"embeddable":true,"href":"https:\/\/www.newsrecorder.ro\/app\/wp-json\/wp\/v2\/media\/14982"}],"wp:attachment":[{"href":"https:\/\/www.newsrecorder.ro\/app\/wp-json\/wp\/v2\/media?parent=14981"}],"wp:term":[{"taxonomy":"category","embeddable":true,"href":"https:\/\/www.newsrecorder.ro\/app\/wp-json\/wp\/v2\/categories?post=14981"},{"taxonomy":"post_tag","embeddable":true,"href":"https:\/\/www.newsrecorder.ro\/app\/wp-json\/wp\/v2\/tags?post=14981"}],"curies":[{"name":"wp","href":"https:\/\/api.w.org\/{rel}","templated":true}]}}