{"id":14991,"date":"2026-04-21T13:50:07","date_gmt":"2026-04-21T13:50:07","guid":{"rendered":"https:\/\/www.newsrecorder.ro\/app\/2026\/04\/21\/fritz-nu-vom-fi-umbra-guvernului-ciolacu-ciuca\/"},"modified":"2026-04-21T13:50:07","modified_gmt":"2026-04-21T13:50:07","slug":"fritz-nu-vom-fi-umbra-guvernului-ciolacu-ciuca","status":"publish","type":"post","link":"https:\/\/www.newsrecorder.ro\/app\/2026\/04\/21\/fritz-nu-vom-fi-umbra-guvernului-ciolacu-ciuca\/","title":{"rendered":"Fritz: Nu vom fi umbra guvernului Ciolacu \u2013 Ciuc\u0103!"},"content":{"rendered":"<p><em>\u201ePSD are libertatea de a-\u0219i asuma situa\u021bia p\u00e2n\u0103 la cap\u0103t, av\u00e2nd \u00een vedere c\u0103 nu mai doresc s\u0103 guverneze. Pentru USR, este esen\u021bial ca Rom\u00e2nia s\u0103 nu piard\u0103 cele 10 miliarde de euro din fondurile PNRR, iar pentru asta trebuie realizate reforme, indiferent de teatrul politic pe care \u00eel joac\u0103 acum PSD\u201d<\/em>, a declarat Dominic Fritz, liderul USR, \u00een cadrul unei conferin\u021be de pres\u0103. <\/p>\n<p>Fritz a subliniat importan\u021ba celor 16 miliarde de euro din programul SAFE, men\u021bion\u00e2nd c\u0103 contractele trebuie semnate p\u00e2n\u0103 la sf\u00e2r\u0219itul lunii mai, av\u00e2nd un calendar bine stabilit.<\/p>\n<p><em>\u201eSper s\u0103 nu asist\u0103m la o tr\u0103dare na\u021bional\u0103 sau la o \u00eent\u00e2rziere a acestui calendar, ceea ce ar duce la pierderea unor credite care sunt extrem de importante pentru dotarea armatei \u0219i pentru economia local\u0103, deoarece o parte din ace\u0219ti bani se vor transforma \u00een locuri de munc\u0103 \u00een Rom\u00e2nia\u201d<\/em>, a ad\u0103ugat liderul USR. <\/p>\n<p>\u00cen continuare, Fritz a acuzat social-democra\u021bii de \u201edezerteaz\u0103\u201d, subliniind c\u0103 promisiunea USR \u00eenc\u0103 de la \u00eenceputul guvern\u0103rii a fost axat\u0103 pe m\u0103suri de consolidare fiscal\u0103. Acesta a criticat PSD pentru c\u0103, \u00een loc s\u0103 respecte aceast\u0103 promisiune, a ales s\u0103 se abat\u0103 de la ea.<\/p>\n<p><em>\u201eEste crucial pentru USR s\u0103 ne amintim de angajamentul pe care acest guvern \u0219i l-a asumat la \u00eenceputul mandatului, c\u0103 \u00een termen scurt trebuie s\u0103 implement\u0103m m\u0103suri de consolidare fiscal\u0103, urmate de reforme reale \u00een structura statului. Din p\u0103cate, PSD, tocmai acum, c\u00e2nd trebuia s\u0103 se \u021bin\u0103 de aceast\u0103 promisiune, a decis s\u0103 \u201edezerteze\u201d<\/em>, a declarat Fritz.<\/p>\n<p>Fritz a reafirmat c\u0103 USR nu va accepta s\u0103 devin\u0103 o \u201eroat\u0103 de rezerv\u0103\u201d: <em>\u201eNu vom fi roat\u0103 de rezerv\u0103 sau un simplu ridic\u0103tor de m\u00e2ini pentru o reconstruc\u021bie a guvernului Ciolacu-Ciuc\u0103 cu alte nume care ne-au condus \u00een acest dezastru pe care \u00eencerc\u0103m s\u0103-l repar\u0103m\u201d<\/em>, a spus acesta.<\/p>\n<p>Referitor la sus\u021binerea unei alte variante de premier, cu condi\u021bia ca acesta s\u0103 continue reformele, Dominic Fritz a afirmat:<\/p>\n<p>\u201eUSR a tras o linie ro\u0219ie foarte clar\u0103. Avem o decizie a Comitetului Politic, pe care am reiterat-o \u0219i \u00een ultimele zile: dac\u0103 PSD voteaz\u0103 c\u0103derea guvernului cu sprijinul AUR, atunci nu mai exist\u0103 o cale de a renegocia nimic p\u00e2n\u0103 la aceast\u0103 linie ro\u0219ie\u201d, a explicat Fritz, ad\u0103ug\u00e2nd: <em>\u201eDesigur, suntem \u00eentr-o democra\u021bie \u0219i suntem deschi\u0219i la consult\u0103ri, discu\u021bii, avem dialog, dar nu ne vom abate de la principiile noastre\u201d<\/em>.<\/p>\n","protected":false},"excerpt":{"rendered":"<p>\u201ePSD are libertatea de a-\u0219i asuma situa\u021bia p\u00e2n\u0103 la cap\u0103t, av\u00e2nd \u00een vedere c\u0103 nu mai doresc s\u0103 guverneze. Pentru USR, este esen\u021bial ca Rom\u00e2nia s\u0103 nu piard\u0103 cele 10 miliarde de euro din fondurile PNRR, iar pentru asta trebuie realizate reforme, indiferent de teatrul politic pe care \u00eel joac\u0103 acum PSD\u201d, a declarat Dominic [&hellip;]<\/p>\n","protected":false},"author":2,"featured_media":14992,"comment_status":"open","ping_status":"open","sticky":false,"template":"","format":"standard","meta":{"jnews-multi-image_gallery":[],"jnews_single_post":[],"jnews_primary_category":[],"jnews_override_counter":[],"footnotes":""},"categories":[42],"tags":[5194,780,2731,1326,1299,300,1057,2823],"class_list":["post-14991","post","type-post","status-publish","format-standard","has-post-thumbnail","hentry","category-politica","tag-armata","tag-economie","tag-fonduri","tag-locuri-de-munca","tag-pnr","tag-psd","tag-reforme","tag-usr"],"_links":{"self":[{"href":"https:\/\/www.newsrecorder.ro\/app\/wp-json\/wp\/v2\/posts\/14991","targetHints":{"allow":["GET"]}}],"collection":[{"href":"https:\/\/www.newsrecorder.ro\/app\/wp-json\/wp\/v2\/posts"}],"about":[{"href":"https:\/\/www.newsrecorder.ro\/app\/wp-json\/wp\/v2\/types\/post"}],"author":[{"embeddable":true,"href":"https:\/\/www.newsrecorder.ro\/app\/wp-json\/wp\/v2\/users\/2"}],"replies":[{"embeddable":true,"href":"https:\/\/www.newsrecorder.ro\/app\/wp-json\/wp\/v2\/comments?post=14991"}],"version-history":[{"count":0,"href":"https:\/\/www.newsrecorder.ro\/app\/wp-json\/wp\/v2\/posts\/14991\/revisions"}],"wp:featuredmedia":[{"embeddable":true,"href":"https:\/\/www.newsrecorder.ro\/app\/wp-json\/wp\/v2\/media\/14992"}],"wp:attachment":[{"href":"https:\/\/www.newsrecorder.ro\/app\/wp-json\/wp\/v2\/media?parent=14991"}],"wp:term":[{"taxonomy":"category","embeddable":true,"href":"https:\/\/www.newsrecorder.ro\/app\/wp-json\/wp\/v2\/categories?post=14991"},{"taxonomy":"post_tag","embeddable":true,"href":"https:\/\/www.newsrecorder.ro\/app\/wp-json\/wp\/v2\/tags?post=14991"}],"curies":[{"name":"wp","href":"https:\/\/api.w.org\/{rel}","templated":true}]}}