{"id":1503,"date":"2026-02-03T15:59:43","date_gmt":"2026-02-03T15:59:43","guid":{"rendered":"https:\/\/www.newsrecorder.ro\/app\/2026\/02\/03\/armo-estimarile-de-pierderi-cargo-de-sute-de-milioane-eronate\/"},"modified":"2026-02-03T15:59:43","modified_gmt":"2026-02-03T15:59:43","slug":"armo-estimarile-de-pierderi-cargo-de-sute-de-milioane-eronate","status":"publish","type":"post","link":"https:\/\/www.newsrecorder.ro\/app\/2026\/02\/03\/armo-estimarile-de-pierderi-cargo-de-sute-de-milioane-eronate\/","title":{"rendered":"ARMO: \u201eEstim\u0103rile de pierderi cargo de sute de milioane, eronate!\u201d"},"content":{"rendered":"<p><em><strong>\u00cen anul 2025, Rom\u00e2nia a fost destina\u021bia final\u0103 pentru aproximativ 80 de milioane de colete non-UE, \u00eens\u0103 mai pu\u021bin de 10% dintre acestea au ajuns direct pe teritoriul na\u021bional. Restul coletelor au fost procesate prin hub-uri regionale din alte \u021b\u0103ri europene, conform practicilor logistice obi\u0219nuite. Limitarea analizei la coletele care au aterizat direct \u00een Rom\u00e2nia distorsioneaz\u0103 semnificativ realitatea.<\/strong><\/em><\/p>\n<p><em><strong>Afirma\u021biile referitoare la o presupus\u0103 \u201epr\u0103bu\u0219ire\u201d a traficului cargo nu sunt sus\u021binute de datele publice disponibile. Nu exist\u0103 dovezi care s\u0103 indice o reducere structural\u0103 cauzat\u0103 de introducerea taxei logistice. Estim\u0103rile de pierderi \u00een valoare de sute de milioane de euro se bazeaz\u0103 pe ipoteze eronate, \u00een special pe aplicarea unor taxe vamale pentru colete cu valoare declarat\u0103 de sub 150 de euro. Aceste cifre nu sunt sus\u021binute de date oficiale sau metodologii verificate.<\/strong><\/em><\/p>\n<p><em><strong>Reprezentan\u021bii <a href=\"https:\/\/armo.ro\/\">ARMO<\/a> subliniaz\u0103 c\u0103 subiectul tax\u0103rii vamale \u00een Rom\u00e2nia pentru coletele cu valoare declarat\u0103 sub 150 de euro reprezint\u0103 o premis\u0103 fals\u0103.<\/strong><\/em><\/p>\n<p>Ei men\u021bioneaz\u0103 c\u0103 aceste colete sunt \u00een prezent scutite de taxe vamale, conform legisla\u021biei europene actuale. Aceasta este recunoscut\u0103 \u00een spa\u021biul public \u0219i la nivelul Uniunii Europene ca fiind un factor al concuren\u021bei neloiale din partea companiilor extracomunitare. Din acest motiv, la nivel european s-a convenit eliminarea acestei scutiri \u0219i introducerea unei taxe vamale fixe de 3 euro per produs, separat\u0103 de taxa logistic\u0103 anun\u021bat\u0103 de Comisia European\u0103, m\u0103sura urm\u00e2nd a fi aplicat\u0103 \u00eencep\u00e2nd cu 1 iulie 2026. Prin urmare, afirma\u021biile privind pierderile Rom\u00e2niei din taxe vamale necolectate sunt nefondate, iar aceste taxe sunt resurse proprii ale Uniunii Europene, nu venituri ale bugetului na\u021bional. Rom\u00e2nia nu poate pierde venituri pe care nu le-a avut vreodat\u0103 \u0219i care nu i-ar fi fost alocate oricum.<\/p>\n<p><em><strong>\u201e\u00cen acela\u0219i timp, Uniunea European\u0103 a convenit s\u0103 implementeze o tax\u0103 logistic\u0103 \u00eencep\u00e2nd cu noiembrie 2026, ca r\u0103spuns la volumul \u00een continu\u0103 cre\u0219tere al coletelor cu valoare redus\u0103 din afara spa\u021biului european \u0219i la presiunea exercitat\u0103 asupra autorit\u0103\u021bilor vamale na\u021bionale de procesarea acestora,\u201d<\/strong><\/em> se precizeaz\u0103 \u00een comunicatul emis de <strong>ARMO<\/strong>.<\/p>\n<p>\u00cen acest context, <strong>Asocia\u021bia Rom\u00e2n\u0103 a Magazinelor Online<\/strong> afirm\u0103 c\u0103 normele de implementare pentru taxa logistic\u0103 nu au fost \u00eenc\u0103 adoptate. Reprezentan\u021bii <strong>ARMO<\/strong> solicit\u0103 o \u201eadoptare rapid\u0103 a acestor norme, pentru a oferi predictibilitate actorilor economici, o aplicare uniform\u0103 la nivel na\u021bional \u0219i pentru a evita interpret\u0103rile divergente sau estim\u0103rile speculative privind impactul m\u0103surii.\u201d<\/p>\n<p><em><strong>\u201eM\u0103suri similare au fost implementate sau sunt \u00een curs de implementare \u0219i \u00een alte state membre UE, confirm\u00e2nd c\u0103 aceasta nu este o ini\u021biativ\u0103 izolat\u0103 a Rom\u00e2niei, ci o abordare coordonat\u0103 pentru a gestiona provoc\u0103rile generate de fluxul masiv de colete ieftine din \u021b\u0103ri ter\u021be, care afecteaz\u0103 echilibrul concuren\u021bial pe pia\u021ba european\u0103.\u201d<\/strong><\/em><\/p>\n<p><em><strong>\u00cen discu\u021biile publice s-a creat confuzie \u00eentre dou\u0103 tipuri de importuri: procedura H7 pentru coletele cu valoare redus\u0103 \u0219i procedura H1 pentru importurile comerciale obi\u0219nuite. Pentru coletele mici, TVA este pl\u0103tit\u0103 de consumatori la momentul plas\u0103rii comenzii \u0219i apoi este virat\u0103 statului. \u00cen cazul importurilor comerciale, TVA se pl\u0103te\u0219te la vam\u0103, \u00een statul de import. Taxa logistic\u0103 se aplic\u0103 doar coletelor mici, nu \u0219i importurilor comerciale. Din acest motiv, afirma\u021bii precum c\u0103 statul nu mai \u00eencaseaz\u0103 TVA sunt gre\u0219ite \u2013 TVA se \u00eencaseaz\u0103 \u00een continuare pentru coletele cu valoare declarat\u0103 sub 150 de euro, indiferent dac\u0103 acestea ajung \u00een Rom\u00e2nia sau \u00een orice alt stat membru al UE. De asemenea, importurile H1 nu pot fi afectate de introducerea acestei taxe, at\u00e2ta timp c\u00e2t aceasta nu se aplic\u0103 acestui tip de importuri.\u201d<\/strong><\/em><\/p>\n<p>Reprezentan\u021bii <strong>ARMO<\/strong> subliniaz\u0103 \u0219i faptul c\u0103 <em><strong>\u201edac\u0103 informa\u021bia se dovede\u0219te a fi adev\u0103rat\u0103, cre\u0219terea importurilor prin procedura H1 reprezint\u0103 un lucru benefic pentru consumatorul rom\u00e2n, deoarece permite autorit\u0103\u021bilor vamale s\u0103 exercite un control efectiv asupra m\u0103rfurilor din perspectiva conformit\u0103\u021bii, siguran\u021bei \u0219i standardelor, contribuind astfel la protec\u021bia consumatorilor \u0219i la o concuren\u021b\u0103 echitabil\u0103.\u201d<\/strong><\/em><\/p>\n<p><em><strong>Informa\u021biile circulante \u00een spa\u021biul public bazate pe ipoteze false duc la concluzii nerealiste, care nu rezist\u0103 unei analize fiscale simple. AMRO se angajeaz\u0103 s\u0103 promoveze dezbateri informate despre comer\u021bul electronic \u0219i aspectele fiscale aplicabile, resping\u00e2nd ferm r\u0103sp\u00e2ndirea de informa\u021bii inexacte care pot induce \u00een eroare publicul.\u201d<\/strong><\/em><\/p>\n","protected":false},"excerpt":{"rendered":"<p>\u00cen anul 2025, Rom\u00e2nia a fost destina\u021bia final\u0103 pentru aproximativ 80 de milioane de colete non-UE, \u00eens\u0103 mai pu\u021bin de 10% dintre acestea au ajuns direct pe teritoriul na\u021bional. Restul coletelor au fost procesate prin hub-uri regionale din alte \u021b\u0103ri europene, conform practicilor logistice obi\u0219nuite. Limitarea analizei la coletele care au aterizat direct \u00een Rom\u00e2nia [&hellip;]<\/p>\n","protected":false},"author":4,"featured_media":1504,"comment_status":"open","ping_status":"open","sticky":false,"template":"","format":"standard","meta":{"jnews-multi-image_gallery":[],"jnews_single_post":[],"jnews_primary_category":[],"jnews_override_counter":[],"footnotes":""},"categories":[40],"tags":[2680,2676,2681,2682,2677,2679,325,2678],"class_list":["post-1503","post","type-post","status-publish","format-standard","has-post-thumbnail","hentry","category-econonie","tag-armo","tag-colete-non-ue","tag-estimari-pierderi","tag-hub-uri-regionale","tag-logistica","tag-romania-2025","tag-taxe-vamale","tag-trafic-cargo"],"_links":{"self":[{"href":"https:\/\/www.newsrecorder.ro\/app\/wp-json\/wp\/v2\/posts\/1503","targetHints":{"allow":["GET"]}}],"collection":[{"href":"https:\/\/www.newsrecorder.ro\/app\/wp-json\/wp\/v2\/posts"}],"about":[{"href":"https:\/\/www.newsrecorder.ro\/app\/wp-json\/wp\/v2\/types\/post"}],"author":[{"embeddable":true,"href":"https:\/\/www.newsrecorder.ro\/app\/wp-json\/wp\/v2\/users\/4"}],"replies":[{"embeddable":true,"href":"https:\/\/www.newsrecorder.ro\/app\/wp-json\/wp\/v2\/comments?post=1503"}],"version-history":[{"count":0,"href":"https:\/\/www.newsrecorder.ro\/app\/wp-json\/wp\/v2\/posts\/1503\/revisions"}],"wp:featuredmedia":[{"embeddable":true,"href":"https:\/\/www.newsrecorder.ro\/app\/wp-json\/wp\/v2\/media\/1504"}],"wp:attachment":[{"href":"https:\/\/www.newsrecorder.ro\/app\/wp-json\/wp\/v2\/media?parent=1503"}],"wp:term":[{"taxonomy":"category","embeddable":true,"href":"https:\/\/www.newsrecorder.ro\/app\/wp-json\/wp\/v2\/categories?post=1503"},{"taxonomy":"post_tag","embeddable":true,"href":"https:\/\/www.newsrecorder.ro\/app\/wp-json\/wp\/v2\/tags?post=1503"}],"curies":[{"name":"wp","href":"https:\/\/api.w.org\/{rel}","templated":true}]}}