{"id":15045,"date":"2026-04-21T19:14:42","date_gmt":"2026-04-21T19:14:42","guid":{"rendered":"https:\/\/www.newsrecorder.ro\/app\/2026\/04\/21\/anm-prezinta-prognoza-de-1-mai-vreme-superba-pentru-romani\/"},"modified":"2026-04-21T19:14:42","modified_gmt":"2026-04-21T19:14:42","slug":"anm-prezinta-prognoza-de-1-mai-vreme-superba-pentru-romani","status":"publish","type":"post","link":"https:\/\/www.newsrecorder.ro\/app\/2026\/04\/21\/anm-prezinta-prognoza-de-1-mai-vreme-superba-pentru-romani\/","title":{"rendered":"ANM prezint\u0103 prognoza de 1 mai: Vreme superb\u0103 pentru rom\u00e2ni!"},"content":{"rendered":"<p><a href=\"https:\/\/www.mediafax.ro\/meteo\/cand-se-incalzeste-vremea-in-romania-prognoza-anm-pentru-13-26-aprilie-pe-toate-regiunile-23719405\">Administra\u021bia Na\u021bional\u0103 de Meteorologie<\/a> (ANM) a publicat vineri prognoza meteorologic\u0103 pentru intervalul 24 aprilie &#8211; 18 mai 2026, aduc\u00e2nd ve\u0219ti interesante pentru rom\u00e2ni.<\/p>\n<p>\u00cen majoritatea lunii care urmeaz\u0103, temperaturile vor fi normale pentru aceast\u0103 perioad\u0103. Totu\u0219i, se preconizeaz\u0103 o cre\u0219tere a temperaturilor \u00een s\u0103pt\u0103m\u00e2na dedicat\u0103 s\u0103rb\u0103torii de 1 mai, \u00eentre 27 aprilie \u0219i 4 mai, c\u00e2nd rom\u00e2nii vor putea savura vremea mai cald\u0103.<\/p>\n<p>\u00cen primele \u0219i ultimele zile ale intervalului prognozat, vor fi precipita\u021bii mai abundente. Meteorologii estimeaz\u0103 c\u0103 regimul pluviometric va dep\u0103\u0219i valorile normale \u00een aceste perioade.<\/p>\n<h3>S\u0103pt\u0103m\u00e2na 20.04.2026 \u2013 27.04.2026<\/h3>\n<p>\u00cen aceast\u0103 s\u0103pt\u0103m\u00e2n\u0103, temperatura medie a aerului va fi \u00een general similar\u0103 cu valorile normale \u00een \u00eentreaga \u021bar\u0103. Totodat\u0103, regimul pluviometric va prezenta excese, \u00een special \u00een regiunile intracarpatice.<\/p>\n<h3>S\u0103pt\u0103m\u00e2na 27.04.2026 \u2013 04.05.2026<\/h3>\n<p>Temperaturile vor fi u\u0219or mai ridicate dec\u00e2t media obi\u0219nuit\u0103 pentru aceast\u0103 perioad\u0103, \u00een special \u00een regiunile vestice, nord-vestice \u0219i centrale ale \u021b\u0103rii. De asemenea, regimul pluviometric va fi u\u0219or deficitar \u00een regiunile estice \u0219i vestice, \u00een timp ce \u00een restul teritoriului se va apropia de valorile normale.<\/p>\n<h3>S\u0103pt\u0103m\u00e2na 04.05.2026 \u2013 11.05.2026<\/h3>\n<p>Valorile termice se vor men\u021bine aproape de normal, cu posibile cre\u0219teri u\u0219oare \u00een regiunile vestice \u0219i nord-vestice. Cantit\u0103\u021bile de precipita\u021bii vor r\u0103m\u00e2ne, \u00een general, \u00een limitele normale pentru acest interval, afect\u00e2nd \u00een mare parte \u021bara.<\/p>\n<h3>S\u0103pt\u0103m\u00e2na 11.05.2026 \u2013 18.05.2026<\/h3>\n<p>\u00cen ultima s\u0103pt\u0103m\u00e2n\u0103 a prognozei, temperaturile vor continua s\u0103 fie apropiate de normal la nivel na\u021bional. Totu\u0219i, se estimeaz\u0103 un regim pluviometric u\u0219or excedentar \u00een regiunile nord-vestice, \u00een timp ce restul \u021b\u0103rii va avea precipita\u021bii \u00een limite normale pentru aceast\u0103 perioad\u0103.<\/p>\n<p>\u00cen concluzie, vremea pentru urm\u0103toarele s\u0103pt\u0103m\u00e2ni promite a fi variat\u0103, cu o minivacan\u021b\u0103 de 1 mai care va aduce temperaturi mai ridicate, dar \u0219i cu precipita\u021bii \u00een anumite zone ale \u021b\u0103rii. R\u0103m\u00e2ne\u021bi cu ochii pe prognozele ANM pentru a fi preg\u0103ti\u021bi pentru schimb\u0103rile meteorologice ce urmeaz\u0103!<\/p>\n","protected":false},"excerpt":{"rendered":"<p>Administra\u021bia Na\u021bional\u0103 de Meteorologie (ANM) a publicat vineri prognoza meteorologic\u0103 pentru intervalul 24 aprilie &#8211; 18 mai 2026, aduc\u00e2nd ve\u0219ti interesante pentru rom\u00e2ni. \u00cen majoritatea lunii care urmeaz\u0103, temperaturile vor fi normale pentru aceast\u0103 perioad\u0103. Totu\u0219i, se preconizeaz\u0103 o cre\u0219tere a temperaturilor \u00een s\u0103pt\u0103m\u00e2na dedicat\u0103 s\u0103rb\u0103torii de 1 mai, \u00eentre 27 aprilie \u0219i 4 mai, [&hellip;]<\/p>\n","protected":false},"author":5,"featured_media":15046,"comment_status":"open","ping_status":"open","sticky":false,"template":"","format":"standard","meta":{"jnews-multi-image_gallery":[],"jnews_single_post":[],"jnews_primary_category":[],"jnews_override_counter":[],"footnotes":""},"categories":[45],"tags":[1816,135,1802,1812,523,17517,16947,1149],"class_list":["post-15045","post","type-post","status-publish","format-standard","has-post-thumbnail","hentry","category-meteo","tag-administratia-nationala-de-meteorologie","tag-precipitatii","tag-prognoza-meteorologica","tag-regimul-pluviometric","tag-romani","tag-sarbatoarea-de-1-mai","tag-temperaturi-normale","tag-vreme-calda"],"_links":{"self":[{"href":"https:\/\/www.newsrecorder.ro\/app\/wp-json\/wp\/v2\/posts\/15045","targetHints":{"allow":["GET"]}}],"collection":[{"href":"https:\/\/www.newsrecorder.ro\/app\/wp-json\/wp\/v2\/posts"}],"about":[{"href":"https:\/\/www.newsrecorder.ro\/app\/wp-json\/wp\/v2\/types\/post"}],"author":[{"embeddable":true,"href":"https:\/\/www.newsrecorder.ro\/app\/wp-json\/wp\/v2\/users\/5"}],"replies":[{"embeddable":true,"href":"https:\/\/www.newsrecorder.ro\/app\/wp-json\/wp\/v2\/comments?post=15045"}],"version-history":[{"count":0,"href":"https:\/\/www.newsrecorder.ro\/app\/wp-json\/wp\/v2\/posts\/15045\/revisions"}],"wp:featuredmedia":[{"embeddable":true,"href":"https:\/\/www.newsrecorder.ro\/app\/wp-json\/wp\/v2\/media\/15046"}],"wp:attachment":[{"href":"https:\/\/www.newsrecorder.ro\/app\/wp-json\/wp\/v2\/media?parent=15045"}],"wp:term":[{"taxonomy":"category","embeddable":true,"href":"https:\/\/www.newsrecorder.ro\/app\/wp-json\/wp\/v2\/categories?post=15045"},{"taxonomy":"post_tag","embeddable":true,"href":"https:\/\/www.newsrecorder.ro\/app\/wp-json\/wp\/v2\/tags?post=15045"}],"curies":[{"name":"wp","href":"https:\/\/api.w.org\/{rel}","templated":true}]}}