{"id":15065,"date":"2026-04-21T19:57:13","date_gmt":"2026-04-21T19:57:13","guid":{"rendered":"https:\/\/www.newsrecorder.ro\/app\/2026\/04\/21\/descopera-genialitatea-lui-stefan-luchian-la-muzeul-din-suceava\/"},"modified":"2026-04-21T19:57:13","modified_gmt":"2026-04-21T19:57:13","slug":"descopera-genialitatea-lui-stefan-luchian-la-muzeul-din-suceava","status":"publish","type":"post","link":"https:\/\/www.newsrecorder.ro\/app\/2026\/04\/21\/descopera-genialitatea-lui-stefan-luchian-la-muzeul-din-suceava\/","title":{"rendered":"Descoper\u0103 Genialitatea lui \u0218tefan Luchian la Muzeul din Suceava!"},"content":{"rendered":"<p>Expozi\u021bia \u201e\u0218tefan Luchian \u2013 un artist universal\u201d \u00ee\u0219i deschide por\u021bile ast\u0103zi, la ora 13:00, la Muzeul de Istorie Suceava. Aceast\u0103 manifestare cultural\u0103 este prezentat\u0103 de galeristul \u0219i curatorul Damian Florea.<\/p>\n<p>Evenimentul este organizat de Muzeul Na\u021bional al Bucovinei, \u00een colaborare cu un num\u0103r impresionant de institu\u021bii muzeale \u0219i organiza\u021bii din \u021bar\u0103. Printre acestea se num\u0103r\u0103 Muzeul Na\u021bional de Art\u0103 al Rom\u00e2niei, Complexul Muzeal Na\u021bional \u201eMoldova\u201d Ia\u0219i, Muzeul Na\u021bional Brukenthal, Muzeul Jude\u021bean de Art\u0103 Prahova \u201eIon Ionescu-Quintus\u201d, precum \u0219i Funda\u021bia Jean Louis Calderon \u2013 Galeriile Cornel Florea \u0219i Funda\u021bia pentru Art\u0103, Natur\u0103 \u0219i Societate.<\/p>\n<p>Expozi\u021bia reune\u0219te nu mai pu\u021bin de 42 de lucr\u0103ri realizate \u00een diverse tehnici \u0219i pe diferite suporturi, oferind o privire de ansamblu asupra operei lui \u0218tefan Luchian. Aceasta include flori, peisaje, portrete \u0219i naturi statice, demonstr\u00e2nd astfel versatilitatea \u0219i talentul artistului.<\/p>\n<p>Acesta este primul eveniment de acest tip organizat \u00een Suceava \u00een ultimele decenii, oferind vizitatorilor ocazia de a explora dimensiunea universal\u0103 a lui Luchian, un artist recunoscut ca fiind unul dintre cei mai importan\u021bi reprezentan\u021bi ai artei moderne rom\u00e2ne\u0219ti de la sf\u00e2r\u0219itul secolului al XIX-lea \u0219i \u00eenceputul secolului XX.<\/p>\n<p>\u201eConsiderat un remarcabil exponent al artei moderne rom\u00e2ne\u0219ti, \u0218tefan Luchian este privit ca un continuator al tradi\u021biei inaugurate de Nicolae Grigorescu \u0219i Ion Andreescu. Arta sa, rafinat\u0103 \u0219i profund expresiv\u0103, eman\u0103 un umanism cald \u0219i o sensibilitate aparte, ceea ce \u00eel define\u0219te drept unul dintre cei mai valoro\u0219i pictori rom\u00e2ni ai epocii sale. Prin mo\u0219tenirea sa artistic\u0103, el a influen\u021bat profund pictura rom\u00e2neasc\u0103 de la \u00eenceputul secolului XX \u0219i \u00een continuare,\u201d a declarat Muzeul Na\u021bional al Bucovinei.<\/p>\n","protected":false},"excerpt":{"rendered":"<p>Expozi\u021bia \u201e\u0218tefan Luchian \u2013 un artist universal\u201d \u00ee\u0219i deschide por\u021bile ast\u0103zi, la ora 13:00, la Muzeul de Istorie Suceava. Aceast\u0103 manifestare cultural\u0103 este prezentat\u0103 de galeristul \u0219i curatorul Damian Florea. Evenimentul este organizat de Muzeul Na\u021bional al Bucovinei, \u00een colaborare cu un num\u0103r impresionant de institu\u021bii muzeale \u0219i organiza\u021bii din \u021bar\u0103. Printre acestea se num\u0103r\u0103 [&hellip;]<\/p>\n","protected":false},"author":7,"featured_media":15066,"comment_status":"open","ping_status":"open","sticky":false,"template":"","format":"standard","meta":{"jnews-multi-image_gallery":[],"jnews_single_post":[],"jnews_primary_category":[],"jnews_override_counter":[],"footnotes":""},"categories":[43],"tags":[1211,17526,17520,17523,17522,17521,17524,17525],"class_list":["post-15065","post","type-post","status-publish","format-standard","has-post-thumbnail","hentry","category-cultura","tag-arta-romaneasca","tag-curator-damian-florea","tag-expozitia-stefan-luchian","tag-lucrari-artistice","tag-manifestare-culturala","tag-muzeul-de-istorie-suceava","tag-muzeul-national-al-bucovinei","tag-versatilitate-artistica"],"_links":{"self":[{"href":"https:\/\/www.newsrecorder.ro\/app\/wp-json\/wp\/v2\/posts\/15065","targetHints":{"allow":["GET"]}}],"collection":[{"href":"https:\/\/www.newsrecorder.ro\/app\/wp-json\/wp\/v2\/posts"}],"about":[{"href":"https:\/\/www.newsrecorder.ro\/app\/wp-json\/wp\/v2\/types\/post"}],"author":[{"embeddable":true,"href":"https:\/\/www.newsrecorder.ro\/app\/wp-json\/wp\/v2\/users\/7"}],"replies":[{"embeddable":true,"href":"https:\/\/www.newsrecorder.ro\/app\/wp-json\/wp\/v2\/comments?post=15065"}],"version-history":[{"count":0,"href":"https:\/\/www.newsrecorder.ro\/app\/wp-json\/wp\/v2\/posts\/15065\/revisions"}],"wp:featuredmedia":[{"embeddable":true,"href":"https:\/\/www.newsrecorder.ro\/app\/wp-json\/wp\/v2\/media\/15066"}],"wp:attachment":[{"href":"https:\/\/www.newsrecorder.ro\/app\/wp-json\/wp\/v2\/media?parent=15065"}],"wp:term":[{"taxonomy":"category","embeddable":true,"href":"https:\/\/www.newsrecorder.ro\/app\/wp-json\/wp\/v2\/categories?post=15065"},{"taxonomy":"post_tag","embeddable":true,"href":"https:\/\/www.newsrecorder.ro\/app\/wp-json\/wp\/v2\/tags?post=15065"}],"curies":[{"name":"wp","href":"https:\/\/api.w.org\/{rel}","templated":true}]}}