{"id":15075,"date":"2026-04-21T22:24:08","date_gmt":"2026-04-21T22:24:08","guid":{"rendered":"https:\/\/www.newsrecorder.ro\/app\/2026\/04\/21\/inter-isi-asigura-locul-in-finala-cupei-italiei-cu-o-revenire-spectaculoasa\/"},"modified":"2026-04-21T22:24:08","modified_gmt":"2026-04-21T22:24:08","slug":"inter-isi-asigura-locul-in-finala-cupei-italiei-cu-o-revenire-spectaculoasa","status":"publish","type":"post","link":"https:\/\/www.newsrecorder.ro\/app\/2026\/04\/21\/inter-isi-asigura-locul-in-finala-cupei-italiei-cu-o-revenire-spectaculoasa\/","title":{"rendered":"Inter \u00ee\u0219i asigur\u0103 locul \u00een finala Cupei Italiei cu o revenire spectaculoas\u0103!"},"content":{"rendered":"<p>Forma\u021bia antrenat\u0103 de Cesc Fabregas a \u00eenceput partida cu o energie debordant\u0103, reu\u0219ind s\u0103 deschid\u0103 scorul \u00een minutul 32 prin golul lui Martin Baturina. Dup\u0103 pauz\u0103, avantajul echipei a fost extins rapid, Lucas da Cunha marc\u00e2nd \u00een minutul 48.<\/p>\n<p>Totu\u0219i, Inter Milano a reu\u0219it o revenire spectaculoas\u0103, \u00eenceput\u0103 de Hakan \u00c7alhano\u011flu, care a redus din diferen\u021b\u0103 \u00een minutul 69. \u00cen ultimele momente ale meciului, echipa din Milano a completat remontada, \u00c7alhano\u011flu reu\u0219ind s\u0103 semneze o dubl\u0103 \u00een minutul 86, iar Su\u010di\u0107 a marcat golul victoriei \u00een minutul 89, \u00eenchiz\u00e2nd tabela la 3-2.<\/p>\n<p>\u00cen cealalt\u0103 semifinal\u0103, Atalanta se va confrunta cu Lazio, miercuri, de la ora 22:00. \u00cen man\u0219a tur, cele dou\u0103 echipe au terminat la egalitate, scor 2-2.<\/p>\n<p><strong>Echipele de start:<\/strong><\/p>\n<p><strong>Inter Milano<\/strong><br \/>\nAntrenor: Cristi Chivu<br \/>\nForma\u021bie: 3-5-2<br \/>\nMart\u00ednez \u2013 M. Akanji, F. Acerbi, C. Augusto \u2013 Luis Henrique, N. Barella, H. \u00c7alhano\u011flu, P. Zieli\u0144ski, F. Dimarco, A.Y. Bonny, M. Thuram.<\/p>\n<p><strong>Como<\/strong><br \/>\nAntrenor: Cesc Fabregas<br \/>\nForma\u021bie: 3-4-2-1<br \/>\nButez \u2013 M. Kempf, D. Carlos, J. Ram\u00f3n \u2013 \u00c1. Valle, L. Da Cunha, M. Perrone, I. Van Der Brempt \u2013 M. Baturina, N. Paz \u2013 A. Douvikas.<\/p>\n","protected":false},"excerpt":{"rendered":"<p>Forma\u021bia antrenat\u0103 de Cesc Fabregas a \u00eenceput partida cu o energie debordant\u0103, reu\u0219ind s\u0103 deschid\u0103 scorul \u00een minutul 32 prin golul lui Martin Baturina. Dup\u0103 pauz\u0103, avantajul echipei a fost extins rapid, Lucas da Cunha marc\u00e2nd \u00een minutul 48. Totu\u0219i, Inter Milano a reu\u0219it o revenire spectaculoas\u0103, \u00eenceput\u0103 de Hakan \u00c7alhano\u011flu, care a redus din [&hellip;]<\/p>\n","protected":false},"author":6,"featured_media":15076,"comment_status":"open","ping_status":"open","sticky":false,"template":"","format":"standard","meta":{"jnews-multi-image_gallery":[],"jnews_single_post":[],"jnews_primary_category":[],"jnews_override_counter":[],"footnotes":""},"categories":[46],"tags":[6782,17527,17530,837,6810,17529,17528,1100],"class_list":["post-15075","post","type-post","status-publish","format-standard","has-post-thumbnail","hentry","category-sport","tag-atlanta","tag-cesc-fabregas","tag-hakan-calhanoglu","tag-inter-milano","tag-lazio","tag-martin-baturina","tag-remontada","tag-semifinala"],"_links":{"self":[{"href":"https:\/\/www.newsrecorder.ro\/app\/wp-json\/wp\/v2\/posts\/15075","targetHints":{"allow":["GET"]}}],"collection":[{"href":"https:\/\/www.newsrecorder.ro\/app\/wp-json\/wp\/v2\/posts"}],"about":[{"href":"https:\/\/www.newsrecorder.ro\/app\/wp-json\/wp\/v2\/types\/post"}],"author":[{"embeddable":true,"href":"https:\/\/www.newsrecorder.ro\/app\/wp-json\/wp\/v2\/users\/6"}],"replies":[{"embeddable":true,"href":"https:\/\/www.newsrecorder.ro\/app\/wp-json\/wp\/v2\/comments?post=15075"}],"version-history":[{"count":0,"href":"https:\/\/www.newsrecorder.ro\/app\/wp-json\/wp\/v2\/posts\/15075\/revisions"}],"wp:featuredmedia":[{"embeddable":true,"href":"https:\/\/www.newsrecorder.ro\/app\/wp-json\/wp\/v2\/media\/15076"}],"wp:attachment":[{"href":"https:\/\/www.newsrecorder.ro\/app\/wp-json\/wp\/v2\/media?parent=15075"}],"wp:term":[{"taxonomy":"category","embeddable":true,"href":"https:\/\/www.newsrecorder.ro\/app\/wp-json\/wp\/v2\/categories?post=15075"},{"taxonomy":"post_tag","embeddable":true,"href":"https:\/\/www.newsrecorder.ro\/app\/wp-json\/wp\/v2\/tags?post=15075"}],"curies":[{"name":"wp","href":"https:\/\/api.w.org\/{rel}","templated":true}]}}