{"id":15079,"date":"2026-04-21T22:24:29","date_gmt":"2026-04-21T22:24:29","guid":{"rendered":"https:\/\/www.newsrecorder.ro\/app\/2026\/04\/21\/radoi-paraseste-fcsb-pentru-o-aventura-in-turcia-cine-ii-va-lua-locul\/"},"modified":"2026-04-21T22:24:29","modified_gmt":"2026-04-21T22:24:29","slug":"radoi-paraseste-fcsb-pentru-o-aventura-in-turcia-cine-ii-va-lua-locul","status":"publish","type":"post","link":"https:\/\/www.newsrecorder.ro\/app\/2026\/04\/21\/radoi-paraseste-fcsb-pentru-o-aventura-in-turcia-cine-ii-va-lua-locul\/","title":{"rendered":"R\u0103doi p\u0103r\u0103se\u0219te FCSB pentru o aventur\u0103 \u00een Turcia! Cine \u00eei va lua locul?"},"content":{"rendered":"<p>Gigi Becali a dezv\u0103luit recent c\u0103 antrenorul Mirel R\u0103doi l-a informat personal despre decizia sa de a accepta o ofert\u0103 din campionatul Turciei. Aceast\u0103 discu\u021bie a avut loc mar\u021bi, \u00een cadrul unei \u00eent\u00e2lniri la re\u0219edin\u021ba lui Becali din Pipera.<\/p>\n<p>\u201eMirel a venit la mine acas\u0103 \u0219i mi-a spus c\u0103 pleac\u0103 la Gaziantep. A subliniat c\u0103 nu exist\u0103 nicio sup\u0103rare \u0219i c\u0103 nu sunt probleme cu Chiriche\u0219 sau alte nepl\u0103ceri. Decizia lui se bazeaz\u0103 pe cariera sa, vis\u00e2nd s\u0103 ajung\u0103 de la Gaziantep la primele patru echipe din Turcia, pentru a-\u0219i construi o carier\u0103 remarcabil\u0103 \u0219i a face istorie\u201d, a declarat Gigi Becali, conform <a href=\"https:\/\/www.fanatik.ro\/ce-a-facut-mirel-radoi-aseara-dupa-meci-dezvaluirea-patronului-fcsb-mi-a-zis-meme-stoica-21455177\" target=\"_blank\" rel=\"noopener\">fanatik.ro<\/a>.<\/p>\n<p>Mirel R\u0103doi revenise recent pe banca tehnic\u0103 a FCSB, fiind chemat de Gigi Becali \u00een contextul rezultatelor slabe ale echipei. De\u0219i a avut o scurt\u0103 \u0219edere, R\u0103doi a reu\u0219it s\u0103 conduc\u0103 echipa \u00een cinci meciuri, \u00eenregistr\u00e2nd trei victorii, una cu UTA Arad, una cu O\u021belul \u0219i alta cu Farul, o remiz\u0103 cu Metaloglobus \u0219i un e\u0219ec \u00een fa\u021ba celor de la FC Boto\u0219ani.<\/p>\n<p>\u00cen urma acestei plec\u0103ri, Gigi Becali a precizat c\u0103 l-a \u00eens\u0103rcinat pe Mihai Stoica s\u0103 g\u0103seasc\u0103 un nou antrenor pentru FCSB. \u00centr-o interven\u021bie live la Digi Sport, Becali a spus: \u201eMeme hot\u0103r\u0103\u0219te. El va c\u0103uta un tehnician pentru urm\u0103toarele dou\u0103-trei luni. Avem nevoie s\u0103 vedem cum evolu\u0103m. Toate depind de calificarea \u00een Conference League. Dac\u0103 un antrenor reu\u0219e\u0219te s\u0103 ne califice, de ce s\u0103 ne desp\u0103r\u021bim de el?\u201d<\/p>\n","protected":false},"excerpt":{"rendered":"<p>Gigi Becali a dezv\u0103luit recent c\u0103 antrenorul Mirel R\u0103doi l-a informat personal despre decizia sa de a accepta o ofert\u0103 din campionatul Turciei. Aceast\u0103 discu\u021bie a avut loc mar\u021bi, \u00een cadrul unei \u00eent\u00e2lniri la re\u0219edin\u021ba lui Becali din Pipera. \u201eMirel a venit la mine acas\u0103 \u0219i mi-a spus c\u0103 pleac\u0103 la Gaziantep. A subliniat c\u0103 [&hellip;]<\/p>\n","protected":false},"author":6,"featured_media":15080,"comment_status":"open","ping_status":"open","sticky":false,"template":"","format":"standard","meta":{"jnews-multi-image_gallery":[],"jnews_single_post":[],"jnews_primary_category":[],"jnews_override_counter":[],"footnotes":""},"categories":[46],"tags":[17533,97,82,83,89,11990,10332,10375],"class_list":["post-15079","post","type-post","status-publish","format-standard","has-post-thumbnail","hentry","category-sport","tag-campionatul-turciei","tag-cariera","tag-echipa","tag-fcsb","tag-fotbal","tag-gaziantep","tag-gigi-becali","tag-mirel-radoi"],"_links":{"self":[{"href":"https:\/\/www.newsrecorder.ro\/app\/wp-json\/wp\/v2\/posts\/15079","targetHints":{"allow":["GET"]}}],"collection":[{"href":"https:\/\/www.newsrecorder.ro\/app\/wp-json\/wp\/v2\/posts"}],"about":[{"href":"https:\/\/www.newsrecorder.ro\/app\/wp-json\/wp\/v2\/types\/post"}],"author":[{"embeddable":true,"href":"https:\/\/www.newsrecorder.ro\/app\/wp-json\/wp\/v2\/users\/6"}],"replies":[{"embeddable":true,"href":"https:\/\/www.newsrecorder.ro\/app\/wp-json\/wp\/v2\/comments?post=15079"}],"version-history":[{"count":0,"href":"https:\/\/www.newsrecorder.ro\/app\/wp-json\/wp\/v2\/posts\/15079\/revisions"}],"wp:featuredmedia":[{"embeddable":true,"href":"https:\/\/www.newsrecorder.ro\/app\/wp-json\/wp\/v2\/media\/15080"}],"wp:attachment":[{"href":"https:\/\/www.newsrecorder.ro\/app\/wp-json\/wp\/v2\/media?parent=15079"}],"wp:term":[{"taxonomy":"category","embeddable":true,"href":"https:\/\/www.newsrecorder.ro\/app\/wp-json\/wp\/v2\/categories?post=15079"},{"taxonomy":"post_tag","embeddable":true,"href":"https:\/\/www.newsrecorder.ro\/app\/wp-json\/wp\/v2\/tags?post=15079"}],"curies":[{"name":"wp","href":"https:\/\/api.w.org\/{rel}","templated":true}]}}