{"id":15081,"date":"2026-04-21T22:24:38","date_gmt":"2026-04-21T22:24:38","guid":{"rendered":"https:\/\/www.newsrecorder.ro\/app\/2026\/04\/21\/rodri-lipsa-in-meciul-crucial-cu-burnley-manchester-city-vizeaza-fruntea\/"},"modified":"2026-04-21T22:24:38","modified_gmt":"2026-04-21T22:24:38","slug":"rodri-lipsa-in-meciul-crucial-cu-burnley-manchester-city-vizeaza-fruntea","status":"publish","type":"post","link":"https:\/\/www.newsrecorder.ro\/app\/2026\/04\/21\/rodri-lipsa-in-meciul-crucial-cu-burnley-manchester-city-vizeaza-fruntea\/","title":{"rendered":"Rodri lips\u0103 \u00een meciul crucial cu Burnley: Manchester City vizeaz\u0103 fruntea!"},"content":{"rendered":"<p>Interna\u021bionalul spaniol Rodri a ie\u0219it de pe teren \u00een ultimele momente ale meciului \u00een care Manchester City a ob\u021binut o victorie important\u0103, scor 2-1, \u00eempotriva liderului Arsenal FC. Tehnicianul catalan Pep Guardiola a confirmat c\u0103 revenirea lui Rodri r\u0103m\u00e2ne incert\u0103.<\/p>\n<p>\u201eCred c\u0103 nu va fi preg\u0103tit pentru meciul de m\u00e2ine. Vom evalua situa\u021bia pentru partidele viitoare: semifinala Cupei Angliei cu Southampton sau jocul din campionat, peste 12 zile, cu Everton\u201d, a declarat Guardiola \u00een cadrul unei conferin\u021be de pres\u0103.<\/p>\n<p>\u00cen aceea\u0219i conferin\u021b\u0103, Guardiola a oferit informa\u021bii rezervate \u0219i despre funda\u0219ul central Ruben Dias, care lipse\u0219te din lot de la partida cu Real Madrid din optimile Ligii Campionilor UEFA. \u201eNu este \u00eenc\u0103 preg\u0103tit\u201d, a spus simplu antrenorul, f\u0103r\u0103 a oferi detalii suplimentare despre starea juc\u0103torului.<\/p>\n<p>Victoria \u00eempotriva lui Arsenal a adus pe Manchester City la doar trei puncte distan\u021b\u0103 de liderul Arsenal. O victorie cu cel pu\u021bin dou\u0103 goluri diferen\u021b\u0103 pe terenul lui Burnley ar putea propulsa echipa pe prima pozi\u021bie, av\u00e2nd \u00een vedere c\u0103 mai sunt cinci etape p\u00e2n\u0103 la finalul campionatului.<\/p>\n<p>Cu toate acestea, Guardiola a subliniat c\u0103 focusul echipei r\u0103m\u00e2ne pe performan\u021bele individuale \u0219i colective. \u201eTrebuie s\u0103 vedem cum se recupereaz\u0103 juc\u0103torii dup\u0103 un meci care a fost solicitant at\u00e2t din punct de vedere emo\u021bional, c\u00e2t \u0219i fizic. Mai sunt \u0219ase meciuri, \u0219i \u0219tim exact ce se poate \u00eent\u00e2mpla. Mergem la Burnley pentru a c\u00e2\u0219tiga, pentru c\u0103 asta este ceea ce avem nevoie\u201d, a concluzionat antrenorul.<\/p>\n","protected":false},"excerpt":{"rendered":"<p>Interna\u021bionalul spaniol Rodri a ie\u0219it de pe teren \u00een ultimele momente ale meciului \u00een care Manchester City a ob\u021binut o victorie important\u0103, scor 2-1, \u00eempotriva liderului Arsenal FC. Tehnicianul catalan Pep Guardiola a confirmat c\u0103 revenirea lui Rodri r\u0103m\u00e2ne incert\u0103. \u201eCred c\u0103 nu va fi preg\u0103tit pentru meciul de m\u00e2ine. Vom evalua situa\u021bia pentru partidele [&hellip;]<\/p>\n","protected":false},"author":6,"featured_media":15082,"comment_status":"open","ping_status":"open","sticky":false,"template":"","format":"standard","meta":{"jnews-multi-image_gallery":[],"jnews_single_post":[],"jnews_primary_category":[],"jnews_override_counter":[],"footnotes":""},"categories":[46],"tags":[17535,15309,17537,3851,2842,17534,17536,64],"class_list":["post-15081","post","type-post","status-publish","format-standard","has-post-thumbnail","hentry","category-sport","tag-arsenal-fc","tag-cupa-angliei","tag-ligii-campionilor-uefa","tag-manchester-city","tag-pep-guardiola","tag-rodri","tag-ruben-dias","tag-victorie"],"_links":{"self":[{"href":"https:\/\/www.newsrecorder.ro\/app\/wp-json\/wp\/v2\/posts\/15081","targetHints":{"allow":["GET"]}}],"collection":[{"href":"https:\/\/www.newsrecorder.ro\/app\/wp-json\/wp\/v2\/posts"}],"about":[{"href":"https:\/\/www.newsrecorder.ro\/app\/wp-json\/wp\/v2\/types\/post"}],"author":[{"embeddable":true,"href":"https:\/\/www.newsrecorder.ro\/app\/wp-json\/wp\/v2\/users\/6"}],"replies":[{"embeddable":true,"href":"https:\/\/www.newsrecorder.ro\/app\/wp-json\/wp\/v2\/comments?post=15081"}],"version-history":[{"count":0,"href":"https:\/\/www.newsrecorder.ro\/app\/wp-json\/wp\/v2\/posts\/15081\/revisions"}],"wp:featuredmedia":[{"embeddable":true,"href":"https:\/\/www.newsrecorder.ro\/app\/wp-json\/wp\/v2\/media\/15082"}],"wp:attachment":[{"href":"https:\/\/www.newsrecorder.ro\/app\/wp-json\/wp\/v2\/media?parent=15081"}],"wp:term":[{"taxonomy":"category","embeddable":true,"href":"https:\/\/www.newsrecorder.ro\/app\/wp-json\/wp\/v2\/categories?post=15081"},{"taxonomy":"post_tag","embeddable":true,"href":"https:\/\/www.newsrecorder.ro\/app\/wp-json\/wp\/v2\/tags?post=15081"}],"curies":[{"name":"wp","href":"https:\/\/api.w.org\/{rel}","templated":true}]}}