{"id":15097,"date":"2026-04-21T23:10:14","date_gmt":"2026-04-21T23:10:14","guid":{"rendered":"https:\/\/www.newsrecorder.ro\/app\/2026\/04\/21\/lufthansa-loveste-dur-20-000-de-zboruri-anulate-din-cauza-pretului-combustibilului\/"},"modified":"2026-04-21T23:10:14","modified_gmt":"2026-04-21T23:10:14","slug":"lufthansa-loveste-dur-20-000-de-zboruri-anulate-din-cauza-pretului-combustibilului","status":"publish","type":"post","link":"https:\/\/www.newsrecorder.ro\/app\/2026\/04\/21\/lufthansa-loveste-dur-20-000-de-zboruri-anulate-din-cauza-pretului-combustibilului\/","title":{"rendered":"Lufthansa love\u0219te dur: 20.000 de zboruri anulate din cauza pre\u021bului combustibilului!"},"content":{"rendered":"<p>Compania aerian\u0103 german\u0103 Lufthansa a decis s\u0103 anuleze aproximativ 120 de zboruri zilnice \u00eencep\u00e2nd de luni, \u00een contextul unei revizuiri a opera\u021biunilor sale. De asemenea, compania a anun\u021bat c\u0103 p\u00e2n\u0103 \u00een octombrie va renun\u021ba la rutele neprofitabile care pleac\u0103 din ora\u0219ele M\u00fcnchen \u0219i Frankfurt, conform unui raport publicat de <a href=\"https:\/\/www.ft.com\/content\/bd0e3253-74ca-4ef3-86b4-ce61d7c714ed?syn-25a6b1a6=1\">Financial Times<\/a>.<\/p>\n<p>\u201e<strong>P\u00e2n\u0103 \u00een octombrie, vom elimina un total de 20.000 de zboruri pe distan\u021be scurte din program<\/strong>\u201d, a declarat Lufthansa mar\u021bi. Aceast\u0103 m\u0103sur\u0103 face parte dintr-un plan mai amplu de optimizare a ofertelor pe distan\u021be scurte pentru sezonul de var\u0103, care va fi detaliat \u201ela sf\u00e2r\u0219itul lunii aprilie sau \u00eenceputul lunii mai\u201d. Scopul este de a asigura stabilitatea programului de zbor pe parcursul \u00eentregului sezon estival.<\/p>\n<p>Anun\u021bul Lufthansa vine \u00een urma unei \u00eent\u00e2lniri a mini\u0219trilor Transporturilor din Uniunea European\u0103, care s-a desf\u0103\u0219urat mar\u021bi, \u00een cadrul c\u0103reia s-au discutat m\u0103suri ce vizeaz\u0103 prevenirea unei <a href=\"https:\/\/www.mediafax.ro\/economic\/plan-nou-in-ue-in-caz-de-penurie-ue-ar-putea-obliga-tarile-sa-imparta-kerosenul-23723898\">crize de kerosen<\/a>. Agen\u021bia Interna\u021bional\u0103 pentru Energie a avertizat c\u0103 stocurile de kerosen din Europa ar putea rezista mai pu\u021bin de \u0219ase s\u0103pt\u0103m\u00e2ni.<\/p>\n<p>\u00cen acest context, Uniunea European\u0103 analizeaz\u0103 op\u021biuni precum importul unui tip alternativ de combustibil pentru avioane din Statele Unite, combustibil care nu este utilizat \u00een mod obi\u0219nuit \u00een Europa. De asemenea, se ia \u00een considerare posibilitatea de a permite companiilor aeriene s\u0103 alimenteze cantit\u0103\u021bi mai mari de combustibil \u00een afara regiunii, a declarat comisarul european pentru transporturi, Apostolos Tzitzikostas.<\/p>\n<p>Comisia European\u0103 va anun\u021ba \u00een cur\u00e2nd planuri pentru o monitorizare mai strict\u0103 a stocurilor de combustibil \u0219i, eventual, redistribuirea acestora \u00eentre statele membre. \u201eDac\u0103 aceast\u0103 criz\u0103 continu\u0103, suntem preg\u0103ti\u021bi s\u0103 intervenim \u0219i s\u0103 oferim mai mult\u0103 flexibilitate companiilor aeriene\u201d, a ad\u0103ugat Tzitzikostas.<\/p>\n","protected":false},"excerpt":{"rendered":"<p>Compania aerian\u0103 german\u0103 Lufthansa a decis s\u0103 anuleze aproximativ 120 de zboruri zilnice \u00eencep\u00e2nd de luni, \u00een contextul unei revizuiri a opera\u021biunilor sale. De asemenea, compania a anun\u021bat c\u0103 p\u00e2n\u0103 \u00een octombrie va renun\u021ba la rutele neprofitabile care pleac\u0103 din ora\u0219ele M\u00fcnchen \u0219i Frankfurt, conform unui raport publicat de Financial Times. \u201eP\u00e2n\u0103 \u00een octombrie, vom [&hellip;]<\/p>\n","protected":false},"author":2,"featured_media":15098,"comment_status":"open","ping_status":"open","sticky":false,"template":"","format":"standard","meta":{"jnews-multi-image_gallery":[],"jnews_single_post":[],"jnews_primary_category":[],"jnews_override_counter":[],"footnotes":""},"categories":[41],"tags":[6682,4078,5107,4164,4670,15908,321,8706],"class_list":["post-15097","post","type-post","status-publish","format-standard","has-post-thumbnail","hentry","category-externe","tag-frankfurt","tag-lufthansa","tag-munchen","tag-operatiuni-aeriene","tag-optimizare","tag-sezon-estival","tag-uniunea-europeana","tag-zboruri-anulate"],"_links":{"self":[{"href":"https:\/\/www.newsrecorder.ro\/app\/wp-json\/wp\/v2\/posts\/15097","targetHints":{"allow":["GET"]}}],"collection":[{"href":"https:\/\/www.newsrecorder.ro\/app\/wp-json\/wp\/v2\/posts"}],"about":[{"href":"https:\/\/www.newsrecorder.ro\/app\/wp-json\/wp\/v2\/types\/post"}],"author":[{"embeddable":true,"href":"https:\/\/www.newsrecorder.ro\/app\/wp-json\/wp\/v2\/users\/2"}],"replies":[{"embeddable":true,"href":"https:\/\/www.newsrecorder.ro\/app\/wp-json\/wp\/v2\/comments?post=15097"}],"version-history":[{"count":0,"href":"https:\/\/www.newsrecorder.ro\/app\/wp-json\/wp\/v2\/posts\/15097\/revisions"}],"wp:featuredmedia":[{"embeddable":true,"href":"https:\/\/www.newsrecorder.ro\/app\/wp-json\/wp\/v2\/media\/15098"}],"wp:attachment":[{"href":"https:\/\/www.newsrecorder.ro\/app\/wp-json\/wp\/v2\/media?parent=15097"}],"wp:term":[{"taxonomy":"category","embeddable":true,"href":"https:\/\/www.newsrecorder.ro\/app\/wp-json\/wp\/v2\/categories?post=15097"},{"taxonomy":"post_tag","embeddable":true,"href":"https:\/\/www.newsrecorder.ro\/app\/wp-json\/wp\/v2\/tags?post=15097"}],"curies":[{"name":"wp","href":"https:\/\/api.w.org\/{rel}","templated":true}]}}