{"id":15107,"date":"2026-04-21T23:11:24","date_gmt":"2026-04-21T23:11:24","guid":{"rendered":"https:\/\/www.newsrecorder.ro\/app\/2026\/04\/21\/rusi-si-ucraineni-rapiti-in-africa-salvati-de-mercenarii-rusi\/"},"modified":"2026-04-21T23:11:24","modified_gmt":"2026-04-21T23:11:24","slug":"rusi-si-ucraineni-rapiti-in-africa-salvati-de-mercenarii-rusi","status":"publish","type":"post","link":"https:\/\/www.newsrecorder.ro\/app\/2026\/04\/21\/rusi-si-ucraineni-rapiti-in-africa-salvati-de-mercenarii-rusi\/","title":{"rendered":"Ru\u0219i \u0219i ucraineni r\u0103pi\u021bi \u00een Africa, salva\u021bi de mercenarii ru\u0219i!"},"content":{"rendered":"<p>Cet\u0103\u021benii ucraineni \u0219i ru\u0219i au fost recent elibera\u021bi de c\u0103tre Africa Corps, o grupare paramilitar\u0103 rus\u0103 care opereaz\u0103 sub controlul Ministerului Ap\u0103r\u0103rii din Rusia, conform informa\u021biilor furnizate de NEXTA.<\/p>\n<p>Anun\u021bul despre aceast\u0103 eliberare a fost f\u0103cut oficial de Ministerul Ap\u0103r\u0103rii din Rusia, care a precizat c\u0103 persoanele respective au fost r\u0103pite \u00een anul 2024 \u00een Niger. Acestea au fost eliberate \u00een cadrul unei \u201eopera\u021biuni speciale\u201d desf\u0103\u0219urate \u00een Mali.<\/p>\n<p>Unul dintre cei elibera\u021bi a declarat: \u201e\u00cen Africa, ne-am ocupat de geologie \u0219i am lucrat pentru o companie rus\u0103. Activitatea noastr\u0103 s-a bazat pe colaborarea cu militarii locali\u2026 nu am primit ajutor din alt\u0103 parte.\u201d<\/p>\n<p>Africa Corps a fost \u00eenfiin\u021bat\u0103 cu scopul de a prelua rolul Grupului Wagner \u00een Africa, av\u00e2nd o activitate pronun\u021bat\u0103 \u00een regiunea Sahel, inclusiv \u00een Mali, unde sprijin\u0103 guvernele care se aliniaz\u0103 cu interesele Rusiei.<\/p>\n","protected":false},"excerpt":{"rendered":"<p>Cet\u0103\u021benii ucraineni \u0219i ru\u0219i au fost recent elibera\u021bi de c\u0103tre Africa Corps, o grupare paramilitar\u0103 rus\u0103 care opereaz\u0103 sub controlul Ministerului Ap\u0103r\u0103rii din Rusia, conform informa\u021biilor furnizate de NEXTA. Anun\u021bul despre aceast\u0103 eliberare a fost f\u0103cut oficial de Ministerul Ap\u0103r\u0103rii din Rusia, care a precizat c\u0103 persoanele respective au fost r\u0103pite \u00een anul 2024 \u00een [&hellip;]<\/p>\n","protected":false},"author":2,"featured_media":15108,"comment_status":"open","ping_status":"open","sticky":false,"template":"","format":"standard","meta":{"jnews-multi-image_gallery":[],"jnews_single_post":[],"jnews_primary_category":[],"jnews_override_counter":[],"footnotes":""},"categories":[41],"tags":[17558,691,17561,17560,472,17559,3927,17557],"class_list":["post-15107","post","type-post","status-publish","format-standard","has-post-thumbnail","hentry","category-externe","tag-africa-corps","tag-eliberare","tag-grupul-wagner","tag-mali","tag-ministerul-apararii","tag-operatiune-speciala","tag-rusi","tag-ucraineni"],"_links":{"self":[{"href":"https:\/\/www.newsrecorder.ro\/app\/wp-json\/wp\/v2\/posts\/15107","targetHints":{"allow":["GET"]}}],"collection":[{"href":"https:\/\/www.newsrecorder.ro\/app\/wp-json\/wp\/v2\/posts"}],"about":[{"href":"https:\/\/www.newsrecorder.ro\/app\/wp-json\/wp\/v2\/types\/post"}],"author":[{"embeddable":true,"href":"https:\/\/www.newsrecorder.ro\/app\/wp-json\/wp\/v2\/users\/2"}],"replies":[{"embeddable":true,"href":"https:\/\/www.newsrecorder.ro\/app\/wp-json\/wp\/v2\/comments?post=15107"}],"version-history":[{"count":0,"href":"https:\/\/www.newsrecorder.ro\/app\/wp-json\/wp\/v2\/posts\/15107\/revisions"}],"wp:featuredmedia":[{"embeddable":true,"href":"https:\/\/www.newsrecorder.ro\/app\/wp-json\/wp\/v2\/media\/15108"}],"wp:attachment":[{"href":"https:\/\/www.newsrecorder.ro\/app\/wp-json\/wp\/v2\/media?parent=15107"}],"wp:term":[{"taxonomy":"category","embeddable":true,"href":"https:\/\/www.newsrecorder.ro\/app\/wp-json\/wp\/v2\/categories?post=15107"},{"taxonomy":"post_tag","embeddable":true,"href":"https:\/\/www.newsrecorder.ro\/app\/wp-json\/wp\/v2\/tags?post=15107"}],"curies":[{"name":"wp","href":"https:\/\/api.w.org\/{rel}","templated":true}]}}